{"id":3323,"date":"2026-07-13T08:10:13","date_gmt":"2026-07-13T06:10:13","guid":{"rendered":"https:\/\/forumcalafell.com\/?p=3323"},"modified":"2026-07-13T08:31:23","modified_gmt":"2026-07-13T06:31:23","slug":"subvencio-de-la-generalitat-de-catalunya-ajut-tu1-2026","status":"publish","type":"post","link":"https:\/\/forumcalafell.com\/?p=3323","title":{"rendered":"Subvenci\u00f3 de la Generalitat de Catalunya Ajut TU+1 2026"},"content":{"rendered":"\n<p class=\"wp-block-paragraph\">Des del&nbsp;<strong>10 de juliol de 2026<\/strong>, les persones treballadores aut\u00f2nomes i les societats limitades unipersonals (SLU) ja poden presentar la sol\u00b7licitud de l\u2019ajut&nbsp;<strong>TU+1 2026<\/strong>.<\/p>\n\n\n\n<p class=\"wp-block-paragraph\"><em>Resum de l\u2019ajut \u201cTU+1\u201d 2026<\/em><\/p>\n\n\n\n<p class=\"wp-block-paragraph\"><em>Objectiu<\/em><\/p>\n\n\n\n<p class=\"wp-block-paragraph\">Fomentar la contractaci\u00f3 indefinida d\u2019una o m\u00e9s persones treballadores per part de&nbsp;<em>persones treballadores aut\u00f2nomes o societats limitades unipersonals (SLU) sense persones treballadores a c\u00e0rrec<\/em>, amb la finalitat d\u2019afavorir el creixement del negoci i la creaci\u00f3 d\u2019ocupaci\u00f3.<\/p>\n\n\n\n<p class=\"wp-block-paragraph\"><em>A qui va dirigit?<\/em><\/p>\n\n\n\n<p class=\"wp-block-paragraph\">Poden ser benefici\u00e0ries:<\/p>\n\n\n\n<p class=\"wp-block-paragraph\">\u2705&nbsp;<em>Persones treballadores aut\u00f2nomes<\/em>&nbsp;sense persones assalariades a c\u00e0rrec.<\/p>\n\n\n\n<p class=\"wp-block-paragraph\">\u2705&nbsp;<em>Societats limitades unipersonals (SLU)<\/em>&nbsp;constitu\u00efdes per una \u00fanica persona f\u00edsica s\u00f2cia, que desenvolupi una activitat a la societat i que no tingui persones assalariades a c\u00e0rrec.<\/p>\n\n\n\n<p class=\"wp-block-paragraph\">\u2705 Persones treballadores aut\u00f2nomes amb persones treballadores aut\u00f2nomes col\u00b7laboradores, sempre que el nou contracte subvencionat&nbsp;<em>no es formalitzi amb una persona treballadora aut\u00f2noma col\u00b7laboradora.<\/em><\/p>\n\n\n\n<p class=\"wp-block-paragraph\"><em>No poden ser benefici\u00e0ries:<\/em><\/p>\n\n\n\n<p class=\"wp-block-paragraph\">\u274c Persones treballadores aut\u00f2nomes econ\u00f2micament dependents (TRADE).<\/p>\n\n\n\n<p class=\"wp-block-paragraph\">\u274c Persones treballadores aut\u00f2nomes col\u00b7laboradores.<\/p>\n\n\n\n<p class=\"wp-block-paragraph\">\u274c Societats civils privades (SCP) o altres formes societ\u00e0ries diferents de les SLU.<\/p>\n\n\n\n<p class=\"wp-block-paragraph\">\u274c Persones aut\u00f2nomes o SLU que ja hagin estat benefici\u00e0ries d\u2019aquest mateix ajut en convocat\u00f2ries anteriors, encara que fos sota una altra forma jur\u00eddica.<\/p>\n\n\n\n<p class=\"wp-block-paragraph\"><em>Requisits principals de la persona benefici\u00e0ria<\/em><\/p>\n\n\n\n<p class=\"wp-block-paragraph\">\u2714\ufe0f Estar d\u2019alta al RETA o en una mutualitat alternativa, en el cas de les persones aut\u00f2nomes, o inscrita al Registre Mercantil, en el cas de les SLU, durant un&nbsp;<em>m\u00ednim d\u2019un any ininterromput abans de presentar la sol\u00b7licitud.<\/em><\/p>\n\n\n\n<p class=\"wp-block-paragraph\">\u2714\ufe0f&nbsp;<em>No tenir persones contractades a c\u00e0rrec<\/em>&nbsp;en el moment de presentar la sol\u00b7licitud ni durant els sis mesos anteriors.<\/p>\n\n\n\n<p class=\"wp-block-paragraph\">\u2714\ufe0f Tenir el&nbsp;<em>domicili fiscal a Catalunya<\/em>&nbsp;i mantenir l\u2019activitat durant tot el per\u00edode d\u2019execuci\u00f3.<\/p>\n\n\n\n<p class=\"wp-block-paragraph\">\u2714\ufe0f&nbsp;<em>No haver estat benefici\u00e0ria d\u2019aquest ajut en convocat\u00f2ries anteriors.<\/em><\/p>\n\n\n\n<p class=\"wp-block-paragraph\">En cas de canvi entre persona aut\u00f2noma i SLU, es pot acumular l\u2019antiguitat de l\u2019activitat, sempre que es compleixi un m\u00ednim d\u2019un any ininterromput.<\/p>\n\n\n\n<p class=\"wp-block-paragraph\"><em>Condicions de la contractaci\u00f3<\/em><\/p>\n\n\n\n<p class=\"wp-block-paragraph\">\u2714\ufe0f Contractaci\u00f3&nbsp;<em>d\u2019una o dues persones treballadores en situaci\u00f3 d\u2019atur.<\/em><\/p>\n\n\n\n<p class=\"wp-block-paragraph\">\u2714\ufe0f La persona contractada ha d\u2019estar inscrita com a demandant d\u2019ocupaci\u00f3 no ocupada (DONO) al SOC abans de formalitzar el contracte.<\/p>\n\n\n\n<p class=\"wp-block-paragraph\">\u2714\ufe0f El contracte ha de ser indefinit. No s\u2019admeten els contractes fixos discontinus.<\/p>\n\n\n\n<p class=\"wp-block-paragraph\">\u2714\ufe0f La jornada pot ser completa o parcial:<\/p>\n\n\n\n<p class=\"wp-block-paragraph\">\u2014 Jornada completa: 100%.<\/p>\n\n\n\n<p class=\"wp-block-paragraph\">\u2014 Jornada parcial:&nbsp;<em>m\u00ednim del 50% de la jornada completa<\/em>&nbsp;establerta pel conveni aplicable.<\/p>\n\n\n\n<p class=\"wp-block-paragraph\">\u2714\ufe0f El contracte s\u2019ha de mantenir durant un&nbsp;<em>m\u00ednim de 18 mesos.<\/em><\/p>\n\n\n\n<p class=\"wp-block-paragraph\"><em>Termini per formalitzar el contracte<\/em><\/p>\n\n\n\n<p class=\"wp-block-paragraph\">\ud83d\udccc La sol\u00b7licitud s\u2019ha de presentar&nbsp;<em>abans de formalitzar el contracte.<\/em><\/p>\n\n\n\n<p class=\"wp-block-paragraph\">\ud83d\udccc El contracte es podr\u00e0 formalitzar a partir de l\u2019endem\u00e0 de presentar la sol\u00b7licitud.<\/p>\n\n\n\n<p class=\"wp-block-paragraph\">\ud83d\udccc Com a m\u00e0xim, s\u2019haur\u00e0 de formalitzar dins dels&nbsp;<em>tres mesos seg\u00fcents a la notificaci\u00f3 de la resoluci\u00f3 d\u2019atorgament.<\/em><\/p>\n\n\n\n<p class=\"wp-block-paragraph\"><em>Import de l\u2019ajut<\/em><\/p>\n\n\n\n<p class=\"wp-block-paragraph\">\ud83d\udcb6&nbsp;<em>Fins a 22.320 \u20ac per cada contracte indefinit a jornada completa.<\/em><\/p>\n\n\n\n<p class=\"wp-block-paragraph\">El c\u00e0lcul correspon a:<\/p>\n\n\n\n<p class=\"wp-block-paragraph\">\u2014 M\u00f2dul mensual: 1.240 \u20ac.<\/p>\n\n\n\n<p class=\"wp-block-paragraph\">\u2014 Per\u00edode subvencionat: 18 mesos.<\/p>\n\n\n\n<p class=\"wp-block-paragraph\">En cas de contractaci\u00f3 a temps parcial, l\u2019import s\u2019ajustar\u00e0 proporcionalment en funci\u00f3 de la jornada.<\/p>\n\n\n\n<p class=\"wp-block-paragraph\"><em>Altres obligacions<\/em><\/p>\n\n\n\n<p class=\"wp-block-paragraph\">La persona benefici\u00e0ria, ja sigui aut\u00f2noma o s\u00f2cia \u00fanica de la SLU, haur\u00e0 de participar durant el per\u00edode d\u2019execuci\u00f3 en almenys una acci\u00f3 formativa gratu\u00efta del cat\u00e0leg del Consorci per a la Formaci\u00f3 Cont\u00ednua de Catalunya:<\/p>\n\n\n\n<p class=\"wp-block-paragraph\"><a href=\"https:\/\/conforcat.gencat.cat\/ca\/Treballadors\/cercador-cursos-del-consorci\">https:\/\/conforcat.gencat.cat\/ca\/Treballadors\/cercador-cursos-del-consorci<\/a><\/p>\n\n\n\n<p class=\"wp-block-paragraph\">En cas de finalitzaci\u00f3 anticipada del contracte, es permet substituir la persona contractada sempre que:<\/p>\n\n\n\n<p class=\"wp-block-paragraph\">\u2714\ufe0f La nova contractaci\u00f3 es formalitzi en un termini m\u00e0xim de tres mesos des de la finalitzaci\u00f3 del contracte inicial.<\/p>\n\n\n\n<p class=\"wp-block-paragraph\">\u2714\ufe0f Sigui un&nbsp;<em>contracte indefinit amb la mateixa jornada.<\/em><\/p>\n\n\n\n<p class=\"wp-block-paragraph\">\u2714\ufe0f La nova persona contractada estigui en situaci\u00f3 d\u2019atur i inscrita com a DONO abans de formalitzar el contracte.<\/p>\n\n\n\n<p class=\"wp-block-paragraph\">\u2714\ufe0f No existeixi vinculaci\u00f3 familiar fins al segon grau amb la persona benefici\u00e0ria de l\u2019ajut.<\/p>\n\n\n\n<p class=\"wp-block-paragraph\">La substituci\u00f3 s\u2019haur\u00e0 de comunicar a l\u2019\u00f2rgan gestor en el termini d\u2019un mes.<\/p>\n\n\n\n<p class=\"wp-block-paragraph\">El nou contracte nom\u00e9s cobrir\u00e0 el per\u00edode restant fins a completar els 18 mesos inicials. Els per\u00edodes durant els quals no hi hagi contractaci\u00f3 poden comportar una revocaci\u00f3 parcial de l\u2019ajut.<\/p>\n\n\n\n<p class=\"wp-block-paragraph\">En cas d\u2019acomiadament, l\u2019import de la subvenci\u00f3 no es podr\u00e0 destinar al pagament d\u2019indemnitzacions a la persona treballadora acomiadada.<\/p>\n\n\n\n<p class=\"wp-block-paragraph\"><em>Termini de presentaci\u00f3 de sol\u00b7licituds<\/em><\/p>\n\n\n\n<p class=\"wp-block-paragraph\">\ud83d\udcc5 Des del&nbsp;<strong>10 de juliol de 2026 a les 9.00 h<\/strong>&nbsp;fins al&nbsp;<strong>29 de juliol de 2026 a les 14.00 h<\/strong>.<\/p>\n\n\n\n<p class=\"wp-block-paragraph\">\ud83d\udccd La presentaci\u00f3 s\u2019ha de fer telem\u00e0ticament a trav\u00e9s del Canal Empresa:<\/p>\n\n\n\n<p class=\"wp-block-paragraph\"><a href=\"https:\/\/canalempresa.gencat.cat\/ca\/integraciodepartamentaltramit\/tramit\/PerTemes\/24279_-_Subvencions-del-programa-TU1-2025?category=&amp;moda=1\">https:\/\/canalempresa.gencat.cat\/ca\/integraciodepartamentaltramit\/tramit\/PerTemes\/24279_-_Subvencions-del-programa-TU1-2025?category=&amp;moda=1<\/a><\/p>\n\n\n\n<p class=\"wp-block-paragraph\"><em>Pagament de l\u2019ajut<\/em><\/p>\n\n\n\n<p class=\"wp-block-paragraph\">El pagament es realitzar\u00e0 mitjan\u00e7ant una bestreta i un pagament final.<\/p>\n\n\n\n<p class=\"wp-block-paragraph\">Un cop concedida la subvenci\u00f3 i publicada la resoluci\u00f3 definitiva d\u2019atorgament, es tramitar\u00e0 una&nbsp;<em>bestreta del 80% de l\u2019import concedit.<\/em><\/p>\n\n\n\n<p class=\"wp-block-paragraph\"><em>El 20% restant<\/em>&nbsp;s\u2019abonar\u00e0 un cop justificada correctament la subvenci\u00f3 i acreditat el compliment de la finalitat de l\u2019ajut.<\/p>\n\n\n\n<p class=\"wp-block-paragraph\">L\u2019ingr\u00e9s es far\u00e0 al compte bancari indicat en la sol\u00b7licitud, que haur\u00e0 de ser titularitat de la persona benefici\u00e0ria.<\/p>\n\n\n\n<p class=\"wp-block-paragraph\">Podeu consultar la normativa completa:<\/p>\n\n\n\n<p class=\"wp-block-paragraph\">Ordre EMT\/95\/2025, de 17 de juny:<\/p>\n\n\n\n<p class=\"wp-block-paragraph\"><a href=\"https:\/\/dogc.gencat.cat\/ca\/document-del-dogc\/?documentId=1017367\">https:\/\/dogc.gencat.cat\/ca\/document-del-dogc\/?documentId=1017367<\/a><\/p>\n\n\n\n<p class=\"wp-block-paragraph\">Resoluci\u00f3 EMT\/2303\/2026, de 3 de juliol:<\/p>\n\n\n\n<p class=\"wp-block-paragraph\"><a href=\"https:\/\/dogc.gencat.cat\/ca\/document-del-dogc\/?documentId=1049398\">https:\/\/dogc.gencat.cat\/ca\/document-del-dogc\/?documentId=1049398<\/a><\/p>\n","protected":false},"excerpt":{"rendered":"<p>Des del 10 de juliol de 2026, les persones treballadores aut\u00f2nomes i les societats limitades unipersonals (SLU) ja poden presentar la sol\u00b7licitud de l\u2019ajut TU+1 2026 per contrataci\u00f3 de personal<\/p>\n","protected":false},"author":1,"featured_media":3324,"comment_status":"closed","ping_status":"open","sticky":false,"template":"","format":"standard","meta":{"_acf_changed":false,"footnotes":""},"categories":[17],"tags":[],"class_list":["post-3323","post","type-post","status-publish","format-standard","has-post-thumbnail","hentry","category-ajudes"],"acf":[],"yoast_head":"<!-- This site is optimized with the Yoast SEO plugin v28.4 - https:\/\/yoast.com\/product\/yoast-seo-wordpress\/ -->\n<title>Subvenci\u00f3 de la Generalitat de Catalunya Ajut TU+1 2026 - Forum Calafell<\/title>\n<meta name=\"robots\" content=\"index, follow, max-snippet:-1, max-image-preview:large, max-video-preview:-1\" \/>\n<link rel=\"canonical\" href=\"https:\/\/forumcalafell.com\/?p=3323\" \/>\n<meta property=\"og:locale\" content=\"ca_ES\" \/>\n<meta property=\"og:type\" content=\"article\" \/>\n<meta property=\"og:title\" content=\"Subvenci\u00f3 de la Generalitat de Catalunya Ajut TU+1 2026 - Forum Calafell\" \/>\n<meta property=\"og:description\" content=\"Des del 10 de juliol de 2026, les persones treballadores aut\u00f2nomes i les societats limitades unipersonals (SLU) ja poden presentar la sol\u00b7licitud de l\u2019ajut TU+1 2026 per contrataci\u00f3 de personal\" \/>\n<meta property=\"og:url\" content=\"https:\/\/forumcalafell.com\/?p=3323\" \/>\n<meta property=\"og:site_name\" content=\"Forum Calafell\" \/>\n<meta property=\"article:published_time\" content=\"2026-07-13T06:10:13+00:00\" \/>\n<meta property=\"article:modified_time\" content=\"2026-07-13T06:31:23+00:00\" \/>\n<meta property=\"og:image\" content=\"https:\/\/forumcalafell.com\/wp-content\/uploads\/2026\/07\/25ec4de6-e5f6-429f-aeac-17759e922cfd.png\" \/>\n\t<meta property=\"og:image:width\" content=\"1122\" \/>\n\t<meta property=\"og:image:height\" content=\"1402\" \/>\n\t<meta property=\"og:image:type\" content=\"image\/png\" \/>\n<meta name=\"author\" content=\"borrazraul@gmail.com\" \/>\n<meta name=\"twitter:card\" content=\"summary_large_image\" \/>\n<meta name=\"twitter:label1\" content=\"Escrit per\" \/>\n\t<meta name=\"twitter:data1\" content=\"borrazraul@gmail.com\" \/>\n\t<meta name=\"twitter:label2\" content=\"Temps estimat de lectura\" \/>\n\t<meta name=\"twitter:data2\" content=\"5 minuts\" \/>\n<script type=\"application\/ld+json\" class=\"yoast-schema-graph\">{\"@context\":\"https:\\\/\\\/schema.org\",\"@graph\":[{\"@type\":\"Article\",\"@id\":\"https:\\\/\\\/forumcalafell.com\\\/?p=3323#article\",\"isPartOf\":{\"@id\":\"https:\\\/\\\/forumcalafell.com\\\/?p=3323\"},\"author\":{\"name\":\"borrazraul@gmail.com\",\"@id\":\"https:\\\/\\\/forumcalafell.com\\\/#\\\/schema\\\/person\\\/17f7363f82eb9f014453c82a9e522a69\"},\"headline\":\"Subvenci\u00f3 de la Generalitat de Catalunya Ajut TU+1 2026\",\"datePublished\":\"2026-07-13T06:10:13+00:00\",\"dateModified\":\"2026-07-13T06:31:23+00:00\",\"mainEntityOfPage\":{\"@id\":\"https:\\\/\\\/forumcalafell.com\\\/?p=3323\"},\"wordCount\":917,\"publisher\":{\"@id\":\"https:\\\/\\\/forumcalafell.com\\\/#organization\"},\"image\":{\"@id\":\"https:\\\/\\\/forumcalafell.com\\\/?p=3323#primaryimage\"},\"thumbnailUrl\":\"https:\\\/\\\/forumcalafell.com\\\/wp-content\\\/uploads\\\/2026\\\/07\\\/25ec4de6-e5f6-429f-aeac-17759e922cfd.png\",\"articleSection\":[\"Ajudes\"],\"inLanguage\":\"ca\"},{\"@type\":\"WebPage\",\"@id\":\"https:\\\/\\\/forumcalafell.com\\\/?p=3323\",\"url\":\"https:\\\/\\\/forumcalafell.com\\\/?p=3323\",\"name\":\"Subvenci\u00f3 de la Generalitat de Catalunya Ajut TU+1 2026 - Forum Calafell\",\"isPartOf\":{\"@id\":\"https:\\\/\\\/forumcalafell.com\\\/#website\"},\"primaryImageOfPage\":{\"@id\":\"https:\\\/\\\/forumcalafell.com\\\/?p=3323#primaryimage\"},\"image\":{\"@id\":\"https:\\\/\\\/forumcalafell.com\\\/?p=3323#primaryimage\"},\"thumbnailUrl\":\"https:\\\/\\\/forumcalafell.com\\\/wp-content\\\/uploads\\\/2026\\\/07\\\/25ec4de6-e5f6-429f-aeac-17759e922cfd.png\",\"datePublished\":\"2026-07-13T06:10:13+00:00\",\"dateModified\":\"2026-07-13T06:31:23+00:00\",\"breadcrumb\":{\"@id\":\"https:\\\/\\\/forumcalafell.com\\\/?p=3323#breadcrumb\"},\"inLanguage\":\"ca\",\"potentialAction\":[{\"@type\":\"ReadAction\",\"target\":[\"https:\\\/\\\/forumcalafell.com\\\/?p=3323\"]}]},{\"@type\":\"ImageObject\",\"inLanguage\":\"ca\",\"@id\":\"https:\\\/\\\/forumcalafell.com\\\/?p=3323#primaryimage\",\"url\":\"https:\\\/\\\/forumcalafell.com\\\/wp-content\\\/uploads\\\/2026\\\/07\\\/25ec4de6-e5f6-429f-aeac-17759e922cfd.png\",\"contentUrl\":\"https:\\\/\\\/forumcalafell.com\\\/wp-content\\\/uploads\\\/2026\\\/07\\\/25ec4de6-e5f6-429f-aeac-17759e922cfd.png\",\"width\":1122,\"height\":1402},{\"@type\":\"BreadcrumbList\",\"@id\":\"https:\\\/\\\/forumcalafell.com\\\/?p=3323#breadcrumb\",\"itemListElement\":[{\"@type\":\"ListItem\",\"position\":1,\"name\":\"Inici\",\"item\":\"https:\\\/\\\/forumcalafell.com\\\/\"},{\"@type\":\"ListItem\",\"position\":2,\"name\":\"Subvenci\u00f3 de la Generalitat de Catalunya Ajut TU+1 2026\"}]},{\"@type\":\"WebSite\",\"@id\":\"https:\\\/\\\/forumcalafell.com\\\/#website\",\"url\":\"https:\\\/\\\/forumcalafell.com\\\/\",\"name\":\"Forum Calafell\",\"description\":\"\",\"publisher\":{\"@id\":\"https:\\\/\\\/forumcalafell.com\\\/#organization\"},\"potentialAction\":[{\"@type\":\"SearchAction\",\"target\":{\"@type\":\"EntryPoint\",\"urlTemplate\":\"https:\\\/\\\/forumcalafell.com\\\/?s={search_term_string}\"},\"query-input\":{\"@type\":\"PropertyValueSpecification\",\"valueRequired\":true,\"valueName\":\"search_term_string\"}}],\"inLanguage\":\"ca\"},{\"@type\":\"Organization\",\"@id\":\"https:\\\/\\\/forumcalafell.com\\\/#organization\",\"name\":\"Forum Calafell\",\"url\":\"https:\\\/\\\/forumcalafell.com\\\/\",\"logo\":{\"@type\":\"ImageObject\",\"inLanguage\":\"ca\",\"@id\":\"https:\\\/\\\/forumcalafell.com\\\/#\\\/schema\\\/logo\\\/image\\\/\",\"url\":\"https:\\\/\\\/forumcalafell.com\\\/wp-content\\\/uploads\\\/2026\\\/05\\\/forum_POSITIU_VERTICAL_COLOR_OK__1_.pdf-removebg-preview.png\",\"contentUrl\":\"https:\\\/\\\/forumcalafell.com\\\/wp-content\\\/uploads\\\/2026\\\/05\\\/forum_POSITIU_VERTICAL_COLOR_OK__1_.pdf-removebg-preview.png\",\"width\":401,\"height\":622,\"caption\":\"Forum Calafell\"},\"image\":{\"@id\":\"https:\\\/\\\/forumcalafell.com\\\/#\\\/schema\\\/logo\\\/image\\\/\"},\"sameAs\":[\"https:\\\/\\\/www.instagram.com\\\/forum.calafell\\\/\"]},{\"@type\":\"Person\",\"@id\":\"https:\\\/\\\/forumcalafell.com\\\/#\\\/schema\\\/person\\\/17f7363f82eb9f014453c82a9e522a69\",\"name\":\"borrazraul@gmail.com\",\"image\":{\"@type\":\"ImageObject\",\"inLanguage\":\"ca\",\"@id\":\"https:\\\/\\\/secure.gravatar.com\\\/avatar\\\/d0b42c95cf92630b92b4214a28dcf152a768fb51072f12145bc78e1de2147bc4?s=96&d=mm&r=g\",\"url\":\"https:\\\/\\\/secure.gravatar.com\\\/avatar\\\/d0b42c95cf92630b92b4214a28dcf152a768fb51072f12145bc78e1de2147bc4?s=96&d=mm&r=g\",\"contentUrl\":\"https:\\\/\\\/secure.gravatar.com\\\/avatar\\\/d0b42c95cf92630b92b4214a28dcf152a768fb51072f12145bc78e1de2147bc4?s=96&d=mm&r=g\",\"caption\":\"borrazraul@gmail.com\"},\"sameAs\":[\"https:\\\/\\\/forumcalafell.com\"],\"url\":\"https:\\\/\\\/forumcalafell.com\\\/?author=1\"}]}<\/script>\n<!-- \/ Yoast SEO plugin. -->","yoast_head_json":{"title":"Subvenci\u00f3 de la Generalitat de Catalunya Ajut TU+1 2026 - Forum Calafell","robots":{"index":"index","follow":"follow","max-snippet":"max-snippet:-1","max-image-preview":"max-image-preview:large","max-video-preview":"max-video-preview:-1"},"canonical":"https:\/\/forumcalafell.com\/?p=3323","og_locale":"ca_ES","og_type":"article","og_title":"Subvenci\u00f3 de la Generalitat de Catalunya Ajut TU+1 2026 - Forum Calafell","og_description":"Des del 10 de juliol de 2026, les persones treballadores aut\u00f2nomes i les societats limitades unipersonals (SLU) ja poden presentar la sol\u00b7licitud de l\u2019ajut TU+1 2026 per contrataci\u00f3 de personal","og_url":"https:\/\/forumcalafell.com\/?p=3323","og_site_name":"Forum Calafell","article_published_time":"2026-07-13T06:10:13+00:00","article_modified_time":"2026-07-13T06:31:23+00:00","og_image":[{"width":1122,"height":1402,"url":"https:\/\/forumcalafell.com\/wp-content\/uploads\/2026\/07\/25ec4de6-e5f6-429f-aeac-17759e922cfd.png","type":"image\/png"}],"author":"borrazraul@gmail.com","twitter_card":"summary_large_image","twitter_misc":{"Escrit per":"borrazraul@gmail.com","Temps estimat de lectura":"5 minuts"},"schema":{"@context":"https:\/\/schema.org","@graph":[{"@type":"Article","@id":"https:\/\/forumcalafell.com\/?p=3323#article","isPartOf":{"@id":"https:\/\/forumcalafell.com\/?p=3323"},"author":{"name":"borrazraul@gmail.com","@id":"https:\/\/forumcalafell.com\/#\/schema\/person\/17f7363f82eb9f014453c82a9e522a69"},"headline":"Subvenci\u00f3 de la Generalitat de Catalunya Ajut TU+1 2026","datePublished":"2026-07-13T06:10:13+00:00","dateModified":"2026-07-13T06:31:23+00:00","mainEntityOfPage":{"@id":"https:\/\/forumcalafell.com\/?p=3323"},"wordCount":917,"publisher":{"@id":"https:\/\/forumcalafell.com\/#organization"},"image":{"@id":"https:\/\/forumcalafell.com\/?p=3323#primaryimage"},"thumbnailUrl":"https:\/\/forumcalafell.com\/wp-content\/uploads\/2026\/07\/25ec4de6-e5f6-429f-aeac-17759e922cfd.png","articleSection":["Ajudes"],"inLanguage":"ca"},{"@type":"WebPage","@id":"https:\/\/forumcalafell.com\/?p=3323","url":"https:\/\/forumcalafell.com\/?p=3323","name":"Subvenci\u00f3 de la Generalitat de Catalunya Ajut TU+1 2026 - Forum Calafell","isPartOf":{"@id":"https:\/\/forumcalafell.com\/#website"},"primaryImageOfPage":{"@id":"https:\/\/forumcalafell.com\/?p=3323#primaryimage"},"image":{"@id":"https:\/\/forumcalafell.com\/?p=3323#primaryimage"},"thumbnailUrl":"https:\/\/forumcalafell.com\/wp-content\/uploads\/2026\/07\/25ec4de6-e5f6-429f-aeac-17759e922cfd.png","datePublished":"2026-07-13T06:10:13+00:00","dateModified":"2026-07-13T06:31:23+00:00","breadcrumb":{"@id":"https:\/\/forumcalafell.com\/?p=3323#breadcrumb"},"inLanguage":"ca","potentialAction":[{"@type":"ReadAction","target":["https:\/\/forumcalafell.com\/?p=3323"]}]},{"@type":"ImageObject","inLanguage":"ca","@id":"https:\/\/forumcalafell.com\/?p=3323#primaryimage","url":"https:\/\/forumcalafell.com\/wp-content\/uploads\/2026\/07\/25ec4de6-e5f6-429f-aeac-17759e922cfd.png","contentUrl":"https:\/\/forumcalafell.com\/wp-content\/uploads\/2026\/07\/25ec4de6-e5f6-429f-aeac-17759e922cfd.png","width":1122,"height":1402},{"@type":"BreadcrumbList","@id":"https:\/\/forumcalafell.com\/?p=3323#breadcrumb","itemListElement":[{"@type":"ListItem","position":1,"name":"Inici","item":"https:\/\/forumcalafell.com\/"},{"@type":"ListItem","position":2,"name":"Subvenci\u00f3 de la Generalitat de Catalunya Ajut TU+1 2026"}]},{"@type":"WebSite","@id":"https:\/\/forumcalafell.com\/#website","url":"https:\/\/forumcalafell.com\/","name":"Forum Calafell","description":"","publisher":{"@id":"https:\/\/forumcalafell.com\/#organization"},"potentialAction":[{"@type":"SearchAction","target":{"@type":"EntryPoint","urlTemplate":"https:\/\/forumcalafell.com\/?s={search_term_string}"},"query-input":{"@type":"PropertyValueSpecification","valueRequired":true,"valueName":"search_term_string"}}],"inLanguage":"ca"},{"@type":"Organization","@id":"https:\/\/forumcalafell.com\/#organization","name":"Forum Calafell","url":"https:\/\/forumcalafell.com\/","logo":{"@type":"ImageObject","inLanguage":"ca","@id":"https:\/\/forumcalafell.com\/#\/schema\/logo\/image\/","url":"https:\/\/forumcalafell.com\/wp-content\/uploads\/2026\/05\/forum_POSITIU_VERTICAL_COLOR_OK__1_.pdf-removebg-preview.png","contentUrl":"https:\/\/forumcalafell.com\/wp-content\/uploads\/2026\/05\/forum_POSITIU_VERTICAL_COLOR_OK__1_.pdf-removebg-preview.png","width":401,"height":622,"caption":"Forum Calafell"},"image":{"@id":"https:\/\/forumcalafell.com\/#\/schema\/logo\/image\/"},"sameAs":["https:\/\/www.instagram.com\/forum.calafell\/"]},{"@type":"Person","@id":"https:\/\/forumcalafell.com\/#\/schema\/person\/17f7363f82eb9f014453c82a9e522a69","name":"borrazraul@gmail.com","image":{"@type":"ImageObject","inLanguage":"ca","@id":"https:\/\/secure.gravatar.com\/avatar\/d0b42c95cf92630b92b4214a28dcf152a768fb51072f12145bc78e1de2147bc4?s=96&d=mm&r=g","url":"https:\/\/secure.gravatar.com\/avatar\/d0b42c95cf92630b92b4214a28dcf152a768fb51072f12145bc78e1de2147bc4?s=96&d=mm&r=g","contentUrl":"https:\/\/secure.gravatar.com\/avatar\/d0b42c95cf92630b92b4214a28dcf152a768fb51072f12145bc78e1de2147bc4?s=96&d=mm&r=g","caption":"borrazraul@gmail.com"},"sameAs":["https:\/\/forumcalafell.com"],"url":"https:\/\/forumcalafell.com\/?author=1"}]}},"_links":{"self":[{"href":"https:\/\/forumcalafell.com\/index.php?rest_route=\/wp\/v2\/posts\/3323","targetHints":{"allow":["GET"]}}],"collection":[{"href":"https:\/\/forumcalafell.com\/index.php?rest_route=\/wp\/v2\/posts"}],"about":[{"href":"https:\/\/forumcalafell.com\/index.php?rest_route=\/wp\/v2\/types\/post"}],"author":[{"embeddable":true,"href":"https:\/\/forumcalafell.com\/index.php?rest_route=\/wp\/v2\/users\/1"}],"replies":[{"embeddable":true,"href":"https:\/\/forumcalafell.com\/index.php?rest_route=%2Fwp%2Fv2%2Fcomments&post=3323"}],"version-history":[{"count":1,"href":"https:\/\/forumcalafell.com\/index.php?rest_route=\/wp\/v2\/posts\/3323\/revisions"}],"predecessor-version":[{"id":3325,"href":"https:\/\/forumcalafell.com\/index.php?rest_route=\/wp\/v2\/posts\/3323\/revisions\/3325"}],"wp:featuredmedia":[{"embeddable":true,"href":"https:\/\/forumcalafell.com\/index.php?rest_route=\/wp\/v2\/media\/3324"}],"wp:attachment":[{"href":"https:\/\/forumcalafell.com\/index.php?rest_route=%2Fwp%2Fv2%2Fmedia&parent=3323"}],"wp:term":[{"taxonomy":"category","embeddable":true,"href":"https:\/\/forumcalafell.com\/index.php?rest_route=%2Fwp%2Fv2%2Fcategories&post=3323"},{"taxonomy":"post_tag","embeddable":true,"href":"https:\/\/forumcalafell.com\/index.php?rest_route=%2Fwp%2Fv2%2Ftags&post=3323"}],"curies":[{"name":"wp","href":"https:\/\/api.w.org\/{rel}","templated":true}]}}