{"id":3326,"date":"2026-07-13T08:21:38","date_gmt":"2026-07-13T06:21:38","guid":{"rendered":"https:\/\/forumcalafell.com\/?p=3326"},"modified":"2026-07-13T08:29:57","modified_gmt":"2026-07-13T06:29:57","slug":"nova-normativa-denvasos-en-hostaleria-que-canvia-i-quan-cal-adaptar-se","status":"publish","type":"post","link":"https:\/\/forumcalafell.com\/?p=3326","title":{"rendered":"Nova normativa d\u2019envasos en hostaleria: qu\u00e8 canvia i quan cal adaptar-se"},"content":{"rendered":"\n<p class=\"wp-block-paragraph\">La nova normativa europea i estatal impulsa una reducci\u00f3 dels envasos d\u2019un sol \u00fas i fomenta la reutilitzaci\u00f3. Tot i que moltes obligacions s\u2019aplicaran de manera progressiva fins al 2030, \u00e9s recomanable que els establiments comencin a preparar-se des d\u2019ara per complir els nous requisits.<\/p>\n\n\n\n<h3 class=\"wp-block-heading\"><strong>1. Marc normatiu vigent<\/strong><\/h3>\n\n\n\n<p class=\"wp-block-paragraph\"><strong>Reial decret 1055\/2022 d\u2019envasos i residus d\u2019envasos (Espanya)<\/strong><\/p>\n\n\n\n<ul class=\"wp-block-list\">\n<li>Vigent.<\/li>\n\n\n\n<li>Quedar\u00e0 despla\u00e7at pel Reglament europeu en all\u00f2 que el contradigui a partir de l\u2019agost de 2026.<\/li>\n\n\n\n<li>Regula:\n<ul class=\"wp-block-list\">\n<li>Obligacions de recollida selectiva.<\/li>\n\n\n\n<li>Objectius de reutilitzaci\u00f3.<\/li>\n\n\n\n<li>Restriccions dels pl\u00e0stics d\u2019un sol \u00fas (plats, coberts, etc.).<\/li>\n<\/ul>\n<\/li>\n<\/ul>\n\n\n\n<p class=\"wp-block-paragraph\"><strong>Reglament (UE) 2025\/40 sobre envasos i residus d\u2019envasos<\/strong><\/p>\n\n\n\n<ul class=\"wp-block-list\">\n<li>En vigor des de l\u201911 de febrer de 2025.<\/li>\n\n\n\n<li>Aplicaci\u00f3 directa a tots els pa\u00efsos de la UE.<\/li>\n\n\n\n<li>Principals obligacions:\n<ul class=\"wp-block-list\">\n<li><strong>Agost de 2026:<\/strong>\u00a0entren en vigor les obligacions per a fabricants i comercialitzadors.<\/li>\n\n\n\n<li><strong>2027:<\/strong>\u00a0els establiments hauran d\u2019acceptar recipients aportats pel client per al menjar per emportar.<\/li>\n\n\n\n<li><strong>2028:<\/strong>\u00a0caldr\u00e0 oferir opcions d\u2019envasos reutilitzables en el servei de take away.<\/li>\n\n\n\n<li><strong>2030:<\/strong>\u00a0prohibici\u00f3 de les monodosis de pl\u00e0stic convencional per al consum dins del local.<\/li>\n<\/ul>\n<\/li>\n<\/ul>\n\n\n\n<p class=\"wp-block-paragraph\"><strong>Llei 7\/2022 de Residus i S\u00f2ls Contaminats (Espanya)<\/strong><\/p>\n\n\n\n<ul class=\"wp-block-list\">\n<li>Vigent.<\/li>\n\n\n\n<li>Estableix el marc general de gesti\u00f3 de residus.<\/li>\n\n\n\n<li>Activa el sistema de dip\u00f2sit, devoluci\u00f3 i retorn (SIGDR) per als envasos de begudes amb data obligat\u00f2ria\u00a0<strong>22 de novembre de 2026<\/strong>.<\/li>\n\n\n\n<li>Reconeix els envasos compostables certificats com una alternativa v\u00e0lida, sempre subjecta al desenvolupament de la normativa europea.<\/li>\n<\/ul>\n\n\n\n<p class=\"wp-block-paragraph\"><strong>Llei 1\/2025 de Prevenci\u00f3 del Malbaratament Alimentari (Espanya)<\/strong><\/p>\n\n\n\n<ul class=\"wp-block-list\">\n<li>En vigor des del gener de 2025.<\/li>\n\n\n\n<li>Regula:\n<ul class=\"wp-block-list\">\n<li>La bossa o env\u00e0s de retorn.<\/li>\n\n\n\n<li>La informaci\u00f3 que s\u2019ha de facilitar al client.<\/li>\n<\/ul>\n<\/li>\n<\/ul>\n\n\n\n<hr class=\"wp-block-separator has-alpha-channel-opacity\"\/>\n\n\n\n<h2 class=\"wp-block-heading\"><strong>2. Guia d\u2019alternatives als envasos de pl\u00e0stic<\/strong><\/h2>\n\n\n\n<p class=\"wp-block-paragraph\">A partir del 2030, les seg\u00fcents monodosis de pl\u00e0stic convencionals deixaran d\u2019estar permeses per al consum dins del local. Les alternatives recomanades s\u00f3n:<\/p>\n\n\n\n<ul class=\"wp-block-list\">\n<li><strong>Monodosi d\u2019oli i vinagre<\/strong>\n<ul class=\"wp-block-list\">\n<li>Ampolles de vidre reutilitzables.<\/li>\n\n\n\n<li>Monodosis compostables certificades.<\/li>\n<\/ul>\n<\/li>\n\n\n\n<li><strong>Sobre de sucre de pl\u00e0stic<\/strong>\n<ul class=\"wp-block-list\">\n<li>Sucrer reutilitzable.<\/li>\n\n\n\n<li>Sobre de paper.<\/li>\n\n\n\n<li>Monodosi compostable certificada.<\/li>\n<\/ul>\n<\/li>\n\n\n\n<li><strong>Terrina de mantega de pl\u00e0stic<\/strong>\n<ul class=\"wp-block-list\">\n<li>Manteguera reutilitzable.<\/li>\n\n\n\n<li>Recipient col\u00b7lectiu.<\/li>\n\n\n\n<li>Monodosi compostable certificada.<\/li>\n<\/ul>\n<\/li>\n\n\n\n<li><strong>Terrina de melmelada de pl\u00e0stic<\/strong>\n<ul class=\"wp-block-list\">\n<li>Pot de vidre reutilitzable.<\/li>\n\n\n\n<li>Monodosi compostable certificada.<\/li>\n<\/ul>\n<\/li>\n\n\n\n<li><strong>Monodosi de llet per al caf\u00e8<\/strong>\n<ul class=\"wp-block-list\">\n<li>Gerra de llet.<\/li>\n\n\n\n<li>Ampolla de vidre reutilitzable.<\/li>\n\n\n\n<li>Dispensador.<\/li>\n\n\n\n<li>Monodosi compostable certificada.<\/li>\n<\/ul>\n<\/li>\n\n\n\n<li><strong>Monodosi de ketchup o maionesa<\/strong>\n<ul class=\"wp-block-list\">\n<li>Dispensador de taula.<\/li>\n\n\n\n<li>Monodosi compostable certificada.<\/li>\n<\/ul>\n<\/li>\n\n\n\n<li><strong>Sobre de sal de pl\u00e0stic<\/strong>\n<ul class=\"wp-block-list\">\n<li>Saler reutilitzable.<\/li>\n\n\n\n<li>Sobre de paper.<\/li>\n\n\n\n<li>Monodosi compostable certificada.<\/li>\n<\/ul>\n<\/li>\n<\/ul>\n\n\n\n<h3 class=\"wp-block-heading\"><strong>Dates clau a recordar<\/strong><\/h3>\n\n\n\n<p class=\"wp-block-paragraph\">\u00a0<strong>11 de febrer de 2025:<\/strong>\u00a0entra en vigor el Reglament (UE) 2025\/40.<\/p>\n\n\n\n<p class=\"wp-block-paragraph\">\u00a0<strong>Agost de 2026:<\/strong>\u00a0noves obligacions per a fabricants i comercialitzadors.<\/p>\n\n\n\n<p class=\"wp-block-paragraph\">\u00a0<strong>22 de novembre de 2026:<\/strong>\u00a0entrada en funcionament obligat\u00f2ria del SIGDR per als envasos de begudes.<\/p>\n\n\n\n<p class=\"wp-block-paragraph\">\u00a0<strong>2027:<\/strong>\u00a0els clients podran portar el seu propi env\u00e0s per al menjar per emportar.<\/p>\n\n\n\n<p class=\"wp-block-paragraph\">\u00a0<strong>2028:<\/strong>\u00a0obligaci\u00f3 d&#8217;oferir opcions reutilitzables per al servei de take away.<\/p>\n\n\n\n<p class=\"wp-block-paragraph\">\u00a0<strong>2030:<\/strong>\u00a0prohibici\u00f3 de les monodosis de pl\u00e0stic convencional dins dels establiments.<\/p>\n","protected":false},"excerpt":{"rendered":"<p>La nova normativa europea i estatal impulsa una reducci\u00f3 dels envasos d\u2019un sol \u00fas i fomenta la reutilitzaci\u00f3. Tot i que moltes obligacions s\u2019aplicaran de manera progressiva fins al 2030, \u00e9s recomanable que els establiments comencin a preparar-se des d\u2019ara per complir els nous requisits.<\/p>\n","protected":false},"author":1,"featured_media":3327,"comment_status":"closed","ping_status":"open","sticky":false,"template":"","format":"standard","meta":{"_acf_changed":false,"footnotes":""},"categories":[28],"tags":[],"class_list":["post-3326","post","type-post","status-publish","format-standard","has-post-thumbnail","hentry","category-normativas"],"acf":[],"yoast_head":"<!-- This site is optimized with the Yoast SEO plugin v28.4 - https:\/\/yoast.com\/product\/yoast-seo-wordpress\/ -->\n<title>Nova normativa d\u2019envasos en hostaleria: qu\u00e8 canvia i quan cal adaptar-se - Forum Calafell<\/title>\n<meta name=\"robots\" content=\"index, follow, max-snippet:-1, max-image-preview:large, max-video-preview:-1\" \/>\n<link rel=\"canonical\" href=\"https:\/\/forumcalafell.com\/?p=3326\" \/>\n<meta property=\"og:locale\" content=\"ca_ES\" \/>\n<meta property=\"og:type\" content=\"article\" \/>\n<meta property=\"og:title\" content=\"Nova normativa d\u2019envasos en hostaleria: qu\u00e8 canvia i quan cal adaptar-se - Forum Calafell\" \/>\n<meta property=\"og:description\" content=\"La nova normativa europea i estatal impulsa una reducci\u00f3 dels envasos d\u2019un sol \u00fas i fomenta la reutilitzaci\u00f3. Tot i que moltes obligacions s\u2019aplicaran de manera progressiva fins al 2030, \u00e9s recomanable que els establiments comencin a preparar-se des d\u2019ara per complir els nous requisits.\" \/>\n<meta property=\"og:url\" content=\"https:\/\/forumcalafell.com\/?p=3326\" \/>\n<meta property=\"og:site_name\" content=\"Forum Calafell\" \/>\n<meta property=\"article:published_time\" content=\"2026-07-13T06:21:38+00:00\" \/>\n<meta property=\"article:modified_time\" content=\"2026-07-13T06:29:57+00:00\" \/>\n<meta property=\"og:image\" content=\"https:\/\/forumcalafell.com\/wp-content\/uploads\/2026\/07\/49c1bab9-36f3-4e3f-8663-b71d7e7edd46.png\" \/>\n\t<meta property=\"og:image:width\" content=\"1024\" \/>\n\t<meta property=\"og:image:height\" content=\"1536\" \/>\n\t<meta property=\"og:image:type\" content=\"image\/png\" \/>\n<meta name=\"author\" content=\"borrazraul@gmail.com\" \/>\n<meta name=\"twitter:card\" content=\"summary_large_image\" \/>\n<meta name=\"twitter:label1\" content=\"Escrit per\" \/>\n\t<meta name=\"twitter:data1\" content=\"borrazraul@gmail.com\" \/>\n\t<meta name=\"twitter:label2\" content=\"Temps estimat de lectura\" \/>\n\t<meta name=\"twitter:data2\" content=\"3 minuts\" \/>\n<script type=\"application\/ld+json\" class=\"yoast-schema-graph\">{\"@context\":\"https:\\\/\\\/schema.org\",\"@graph\":[{\"@type\":\"Article\",\"@id\":\"https:\\\/\\\/forumcalafell.com\\\/?p=3326#article\",\"isPartOf\":{\"@id\":\"https:\\\/\\\/forumcalafell.com\\\/?p=3326\"},\"author\":{\"name\":\"borrazraul@gmail.com\",\"@id\":\"https:\\\/\\\/forumcalafell.com\\\/#\\\/schema\\\/person\\\/17f7363f82eb9f014453c82a9e522a69\"},\"headline\":\"Nova normativa d\u2019envasos en hostaleria: qu\u00e8 canvia i quan cal adaptar-se\",\"datePublished\":\"2026-07-13T06:21:38+00:00\",\"dateModified\":\"2026-07-13T06:29:57+00:00\",\"mainEntityOfPage\":{\"@id\":\"https:\\\/\\\/forumcalafell.com\\\/?p=3326\"},\"wordCount\":477,\"publisher\":{\"@id\":\"https:\\\/\\\/forumcalafell.com\\\/#organization\"},\"image\":{\"@id\":\"https:\\\/\\\/forumcalafell.com\\\/?p=3326#primaryimage\"},\"thumbnailUrl\":\"https:\\\/\\\/forumcalafell.com\\\/wp-content\\\/uploads\\\/2026\\\/07\\\/49c1bab9-36f3-4e3f-8663-b71d7e7edd46.png\",\"articleSection\":[\"Normativas\"],\"inLanguage\":\"ca\"},{\"@type\":\"WebPage\",\"@id\":\"https:\\\/\\\/forumcalafell.com\\\/?p=3326\",\"url\":\"https:\\\/\\\/forumcalafell.com\\\/?p=3326\",\"name\":\"Nova normativa d\u2019envasos en hostaleria: qu\u00e8 canvia i quan cal adaptar-se - Forum Calafell\",\"isPartOf\":{\"@id\":\"https:\\\/\\\/forumcalafell.com\\\/#website\"},\"primaryImageOfPage\":{\"@id\":\"https:\\\/\\\/forumcalafell.com\\\/?p=3326#primaryimage\"},\"image\":{\"@id\":\"https:\\\/\\\/forumcalafell.com\\\/?p=3326#primaryimage\"},\"thumbnailUrl\":\"https:\\\/\\\/forumcalafell.com\\\/wp-content\\\/uploads\\\/2026\\\/07\\\/49c1bab9-36f3-4e3f-8663-b71d7e7edd46.png\",\"datePublished\":\"2026-07-13T06:21:38+00:00\",\"dateModified\":\"2026-07-13T06:29:57+00:00\",\"breadcrumb\":{\"@id\":\"https:\\\/\\\/forumcalafell.com\\\/?p=3326#breadcrumb\"},\"inLanguage\":\"ca\",\"potentialAction\":[{\"@type\":\"ReadAction\",\"target\":[\"https:\\\/\\\/forumcalafell.com\\\/?p=3326\"]}]},{\"@type\":\"ImageObject\",\"inLanguage\":\"ca\",\"@id\":\"https:\\\/\\\/forumcalafell.com\\\/?p=3326#primaryimage\",\"url\":\"https:\\\/\\\/forumcalafell.com\\\/wp-content\\\/uploads\\\/2026\\\/07\\\/49c1bab9-36f3-4e3f-8663-b71d7e7edd46.png\",\"contentUrl\":\"https:\\\/\\\/forumcalafell.com\\\/wp-content\\\/uploads\\\/2026\\\/07\\\/49c1bab9-36f3-4e3f-8663-b71d7e7edd46.png\",\"width\":1024,\"height\":1536},{\"@type\":\"BreadcrumbList\",\"@id\":\"https:\\\/\\\/forumcalafell.com\\\/?p=3326#breadcrumb\",\"itemListElement\":[{\"@type\":\"ListItem\",\"position\":1,\"name\":\"Inici\",\"item\":\"https:\\\/\\\/forumcalafell.com\\\/\"},{\"@type\":\"ListItem\",\"position\":2,\"name\":\"Nova normativa d\u2019envasos en hostaleria: qu\u00e8 canvia i quan cal adaptar-se\"}]},{\"@type\":\"WebSite\",\"@id\":\"https:\\\/\\\/forumcalafell.com\\\/#website\",\"url\":\"https:\\\/\\\/forumcalafell.com\\\/\",\"name\":\"Forum Calafell\",\"description\":\"\",\"publisher\":{\"@id\":\"https:\\\/\\\/forumcalafell.com\\\/#organization\"},\"potentialAction\":[{\"@type\":\"SearchAction\",\"target\":{\"@type\":\"EntryPoint\",\"urlTemplate\":\"https:\\\/\\\/forumcalafell.com\\\/?s={search_term_string}\"},\"query-input\":{\"@type\":\"PropertyValueSpecification\",\"valueRequired\":true,\"valueName\":\"search_term_string\"}}],\"inLanguage\":\"ca\"},{\"@type\":\"Organization\",\"@id\":\"https:\\\/\\\/forumcalafell.com\\\/#organization\",\"name\":\"Forum Calafell\",\"url\":\"https:\\\/\\\/forumcalafell.com\\\/\",\"logo\":{\"@type\":\"ImageObject\",\"inLanguage\":\"ca\",\"@id\":\"https:\\\/\\\/forumcalafell.com\\\/#\\\/schema\\\/logo\\\/image\\\/\",\"url\":\"https:\\\/\\\/forumcalafell.com\\\/wp-content\\\/uploads\\\/2026\\\/05\\\/forum_POSITIU_VERTICAL_COLOR_OK__1_.pdf-removebg-preview.png\",\"contentUrl\":\"https:\\\/\\\/forumcalafell.com\\\/wp-content\\\/uploads\\\/2026\\\/05\\\/forum_POSITIU_VERTICAL_COLOR_OK__1_.pdf-removebg-preview.png\",\"width\":401,\"height\":622,\"caption\":\"Forum Calafell\"},\"image\":{\"@id\":\"https:\\\/\\\/forumcalafell.com\\\/#\\\/schema\\\/logo\\\/image\\\/\"},\"sameAs\":[\"https:\\\/\\\/www.instagram.com\\\/forum.calafell\\\/\"]},{\"@type\":\"Person\",\"@id\":\"https:\\\/\\\/forumcalafell.com\\\/#\\\/schema\\\/person\\\/17f7363f82eb9f014453c82a9e522a69\",\"name\":\"borrazraul@gmail.com\",\"image\":{\"@type\":\"ImageObject\",\"inLanguage\":\"ca\",\"@id\":\"https:\\\/\\\/secure.gravatar.com\\\/avatar\\\/d0b42c95cf92630b92b4214a28dcf152a768fb51072f12145bc78e1de2147bc4?s=96&d=mm&r=g\",\"url\":\"https:\\\/\\\/secure.gravatar.com\\\/avatar\\\/d0b42c95cf92630b92b4214a28dcf152a768fb51072f12145bc78e1de2147bc4?s=96&d=mm&r=g\",\"contentUrl\":\"https:\\\/\\\/secure.gravatar.com\\\/avatar\\\/d0b42c95cf92630b92b4214a28dcf152a768fb51072f12145bc78e1de2147bc4?s=96&d=mm&r=g\",\"caption\":\"borrazraul@gmail.com\"},\"sameAs\":[\"https:\\\/\\\/forumcalafell.com\"],\"url\":\"https:\\\/\\\/forumcalafell.com\\\/?author=1\"}]}<\/script>\n<!-- \/ Yoast SEO plugin. -->","yoast_head_json":{"title":"Nova normativa d\u2019envasos en hostaleria: qu\u00e8 canvia i quan cal adaptar-se - Forum Calafell","robots":{"index":"index","follow":"follow","max-snippet":"max-snippet:-1","max-image-preview":"max-image-preview:large","max-video-preview":"max-video-preview:-1"},"canonical":"https:\/\/forumcalafell.com\/?p=3326","og_locale":"ca_ES","og_type":"article","og_title":"Nova normativa d\u2019envasos en hostaleria: qu\u00e8 canvia i quan cal adaptar-se - Forum Calafell","og_description":"La nova normativa europea i estatal impulsa una reducci\u00f3 dels envasos d\u2019un sol \u00fas i fomenta la reutilitzaci\u00f3. Tot i que moltes obligacions s\u2019aplicaran de manera progressiva fins al 2030, \u00e9s recomanable que els establiments comencin a preparar-se des d\u2019ara per complir els nous requisits.","og_url":"https:\/\/forumcalafell.com\/?p=3326","og_site_name":"Forum Calafell","article_published_time":"2026-07-13T06:21:38+00:00","article_modified_time":"2026-07-13T06:29:57+00:00","og_image":[{"width":1024,"height":1536,"url":"https:\/\/forumcalafell.com\/wp-content\/uploads\/2026\/07\/49c1bab9-36f3-4e3f-8663-b71d7e7edd46.png","type":"image\/png"}],"author":"borrazraul@gmail.com","twitter_card":"summary_large_image","twitter_misc":{"Escrit per":"borrazraul@gmail.com","Temps estimat de lectura":"3 minuts"},"schema":{"@context":"https:\/\/schema.org","@graph":[{"@type":"Article","@id":"https:\/\/forumcalafell.com\/?p=3326#article","isPartOf":{"@id":"https:\/\/forumcalafell.com\/?p=3326"},"author":{"name":"borrazraul@gmail.com","@id":"https:\/\/forumcalafell.com\/#\/schema\/person\/17f7363f82eb9f014453c82a9e522a69"},"headline":"Nova normativa d\u2019envasos en hostaleria: qu\u00e8 canvia i quan cal adaptar-se","datePublished":"2026-07-13T06:21:38+00:00","dateModified":"2026-07-13T06:29:57+00:00","mainEntityOfPage":{"@id":"https:\/\/forumcalafell.com\/?p=3326"},"wordCount":477,"publisher":{"@id":"https:\/\/forumcalafell.com\/#organization"},"image":{"@id":"https:\/\/forumcalafell.com\/?p=3326#primaryimage"},"thumbnailUrl":"https:\/\/forumcalafell.com\/wp-content\/uploads\/2026\/07\/49c1bab9-36f3-4e3f-8663-b71d7e7edd46.png","articleSection":["Normativas"],"inLanguage":"ca"},{"@type":"WebPage","@id":"https:\/\/forumcalafell.com\/?p=3326","url":"https:\/\/forumcalafell.com\/?p=3326","name":"Nova normativa d\u2019envasos en hostaleria: qu\u00e8 canvia i quan cal adaptar-se - Forum Calafell","isPartOf":{"@id":"https:\/\/forumcalafell.com\/#website"},"primaryImageOfPage":{"@id":"https:\/\/forumcalafell.com\/?p=3326#primaryimage"},"image":{"@id":"https:\/\/forumcalafell.com\/?p=3326#primaryimage"},"thumbnailUrl":"https:\/\/forumcalafell.com\/wp-content\/uploads\/2026\/07\/49c1bab9-36f3-4e3f-8663-b71d7e7edd46.png","datePublished":"2026-07-13T06:21:38+00:00","dateModified":"2026-07-13T06:29:57+00:00","breadcrumb":{"@id":"https:\/\/forumcalafell.com\/?p=3326#breadcrumb"},"inLanguage":"ca","potentialAction":[{"@type":"ReadAction","target":["https:\/\/forumcalafell.com\/?p=3326"]}]},{"@type":"ImageObject","inLanguage":"ca","@id":"https:\/\/forumcalafell.com\/?p=3326#primaryimage","url":"https:\/\/forumcalafell.com\/wp-content\/uploads\/2026\/07\/49c1bab9-36f3-4e3f-8663-b71d7e7edd46.png","contentUrl":"https:\/\/forumcalafell.com\/wp-content\/uploads\/2026\/07\/49c1bab9-36f3-4e3f-8663-b71d7e7edd46.png","width":1024,"height":1536},{"@type":"BreadcrumbList","@id":"https:\/\/forumcalafell.com\/?p=3326#breadcrumb","itemListElement":[{"@type":"ListItem","position":1,"name":"Inici","item":"https:\/\/forumcalafell.com\/"},{"@type":"ListItem","position":2,"name":"Nova normativa d\u2019envasos en hostaleria: qu\u00e8 canvia i quan cal adaptar-se"}]},{"@type":"WebSite","@id":"https:\/\/forumcalafell.com\/#website","url":"https:\/\/forumcalafell.com\/","name":"Forum Calafell","description":"","publisher":{"@id":"https:\/\/forumcalafell.com\/#organization"},"potentialAction":[{"@type":"SearchAction","target":{"@type":"EntryPoint","urlTemplate":"https:\/\/forumcalafell.com\/?s={search_term_string}"},"query-input":{"@type":"PropertyValueSpecification","valueRequired":true,"valueName":"search_term_string"}}],"inLanguage":"ca"},{"@type":"Organization","@id":"https:\/\/forumcalafell.com\/#organization","name":"Forum Calafell","url":"https:\/\/forumcalafell.com\/","logo":{"@type":"ImageObject","inLanguage":"ca","@id":"https:\/\/forumcalafell.com\/#\/schema\/logo\/image\/","url":"https:\/\/forumcalafell.com\/wp-content\/uploads\/2026\/05\/forum_POSITIU_VERTICAL_COLOR_OK__1_.pdf-removebg-preview.png","contentUrl":"https:\/\/forumcalafell.com\/wp-content\/uploads\/2026\/05\/forum_POSITIU_VERTICAL_COLOR_OK__1_.pdf-removebg-preview.png","width":401,"height":622,"caption":"Forum Calafell"},"image":{"@id":"https:\/\/forumcalafell.com\/#\/schema\/logo\/image\/"},"sameAs":["https:\/\/www.instagram.com\/forum.calafell\/"]},{"@type":"Person","@id":"https:\/\/forumcalafell.com\/#\/schema\/person\/17f7363f82eb9f014453c82a9e522a69","name":"borrazraul@gmail.com","image":{"@type":"ImageObject","inLanguage":"ca","@id":"https:\/\/secure.gravatar.com\/avatar\/d0b42c95cf92630b92b4214a28dcf152a768fb51072f12145bc78e1de2147bc4?s=96&d=mm&r=g","url":"https:\/\/secure.gravatar.com\/avatar\/d0b42c95cf92630b92b4214a28dcf152a768fb51072f12145bc78e1de2147bc4?s=96&d=mm&r=g","contentUrl":"https:\/\/secure.gravatar.com\/avatar\/d0b42c95cf92630b92b4214a28dcf152a768fb51072f12145bc78e1de2147bc4?s=96&d=mm&r=g","caption":"borrazraul@gmail.com"},"sameAs":["https:\/\/forumcalafell.com"],"url":"https:\/\/forumcalafell.com\/?author=1"}]}},"_links":{"self":[{"href":"https:\/\/forumcalafell.com\/index.php?rest_route=\/wp\/v2\/posts\/3326","targetHints":{"allow":["GET"]}}],"collection":[{"href":"https:\/\/forumcalafell.com\/index.php?rest_route=\/wp\/v2\/posts"}],"about":[{"href":"https:\/\/forumcalafell.com\/index.php?rest_route=\/wp\/v2\/types\/post"}],"author":[{"embeddable":true,"href":"https:\/\/forumcalafell.com\/index.php?rest_route=\/wp\/v2\/users\/1"}],"replies":[{"embeddable":true,"href":"https:\/\/forumcalafell.com\/index.php?rest_route=%2Fwp%2Fv2%2Fcomments&post=3326"}],"version-history":[{"count":1,"href":"https:\/\/forumcalafell.com\/index.php?rest_route=\/wp\/v2\/posts\/3326\/revisions"}],"predecessor-version":[{"id":3328,"href":"https:\/\/forumcalafell.com\/index.php?rest_route=\/wp\/v2\/posts\/3326\/revisions\/3328"}],"wp:featuredmedia":[{"embeddable":true,"href":"https:\/\/forumcalafell.com\/index.php?rest_route=\/wp\/v2\/media\/3327"}],"wp:attachment":[{"href":"https:\/\/forumcalafell.com\/index.php?rest_route=%2Fwp%2Fv2%2Fmedia&parent=3326"}],"wp:term":[{"taxonomy":"category","embeddable":true,"href":"https:\/\/forumcalafell.com\/index.php?rest_route=%2Fwp%2Fv2%2Fcategories&post=3326"},{"taxonomy":"post_tag","embeddable":true,"href":"https:\/\/forumcalafell.com\/index.php?rest_route=%2Fwp%2Fv2%2Ftags&post=3326"}],"curies":[{"name":"wp","href":"https:\/\/api.w.org\/{rel}","templated":true}]}}