{"id":3409,"date":"2026-07-15T11:42:08","date_gmt":"2026-07-15T09:42:08","guid":{"rendered":"https:\/\/forumcalafell.com\/?p=3409"},"modified":"2026-07-15T11:53:04","modified_gmt":"2026-07-15T09:53:04","slug":"subvencions-comerc-i-serveis-2026","status":"publish","type":"post","link":"https:\/\/forumcalafell.com\/?p=3409","title":{"rendered":"Subvencions Comer\u00e7 i Serveis 2026"},"content":{"rendered":"\n<p class=\"wp-block-paragraph\"><strong>SUBVENCIONS COMER\u00c7 I SERVEIS 2026 | Convocat\u00f2ria oberta<\/strong><\/p>\n\n\n\n<p class=\"wp-block-paragraph\">Ja s\u2019ha publicat al DOGC la convocat\u00f2ria 2026 derivada de les bases reguladores dels ajuts del Consorci de Comer\u00e7, Artesania i Moda de Catalunya (CCAM).<\/p>\n\n\n\n<p class=\"wp-block-paragraph\"><strong>Entrada en vigor<\/strong><br>15 de juliol de 2026, l\u2019endem\u00e0 de la seva publicaci\u00f3 al DOGC.<\/p>\n\n\n\n<p class=\"wp-block-paragraph\"><strong>Termini de presentaci\u00f3<\/strong><br>Del 15 de juliol de 2026 (09.00 h) fins al 12 d\u2019agost de 2026 (14.00 h).<\/p>\n\n\n\n<p class=\"wp-block-paragraph\">La tramitaci\u00f3 s\u2019ha de fer exclusivament per via telem\u00e0tica.<\/p>\n\n\n\n<p class=\"wp-block-paragraph\"><strong>Programes amb convocat\u00f2ria oberta<\/strong><\/p>\n\n\n\n<ul class=\"wp-block-list\">\n<li>Obertura, reforma i millora d\u2019establiments.<\/li>\n\n\n\n<li>Transformaci\u00f3 digital de les empreses.<\/li>\n\n\n\n<li>Entitats representatives del sector del comer\u00e7.<\/li>\n\n\n\n<li>Xarxa associativa de comer\u00e7, artesania i moda.<\/li>\n\n\n\n<li>Mercats municipals sedentaris i no sedentaris.<\/li>\n\n\n\n<li>Suport als municipis de menys de 10.000 habitants per al desenvolupament de pol\u00edtiques comercials i l\u2019obertura de nous establiments. (Menys de 10.000 habitants nomes s`aplica a entitats com Ajuntaments etc) <\/li>\n<\/ul>\n\n\n\n<p class=\"wp-block-paragraph\"><strong>Justificaci\u00f3<\/strong><br>Des de l\u2019endem\u00e0 de la resoluci\u00f3 definitiva d\u2019atorgament i fins al 31 de mar\u00e7 de 2027, mitjan\u00e7ant compte justificatiu amb la documentaci\u00f3 acreditativa de la despesa.<\/p>\n\n\n\n<p class=\"wp-block-paragraph\"><strong>Pagament<\/strong><br>El pagament es far\u00e0 un cop presentada i validada la justificaci\u00f3 de l\u2019actuaci\u00f3 subvencionada. La manca de justificaci\u00f3 comportar\u00e0 la p\u00e8rdua del dret al cobrament.<\/p>\n\n\n\n<p class=\"wp-block-paragraph\">Si esteu valorant presentar algun projecte, ara \u00e9s el moment de preparar la documentaci\u00f3 i iniciar la tramitaci\u00f3.<\/p>\n\n\n\n<div data-wp-interactive=\"core\/file\" class=\"wp-block-file\"><object data-wp-bind--hidden=\"!state.hasPdfPreview\" hidden class=\"wp-block-file__embed\" data=\"https:\/\/forumcalafell.com\/wp-content\/uploads\/2026\/07\/21613941.pdf\" type=\"application\/pdf\" style=\"width:100%;height:600px\" aria-label=\"Incrustaci\u00f3 del fitxer 2161394(1).\"><\/object><a id=\"wp-block-file--media-7e1414f1-8ca3-4e18-89ee-0b4ec8193782\" href=\"https:\/\/forumcalafell.com\/wp-content\/uploads\/2026\/07\/21613941.pdf\">2161394(1)<\/a><a href=\"https:\/\/forumcalafell.com\/wp-content\/uploads\/2026\/07\/21613941.pdf\" class=\"wp-block-file__button wp-element-button\" download aria-describedby=\"wp-block-file--media-7e1414f1-8ca3-4e18-89ee-0b4ec8193782\">Descarga<\/a><\/div>\n\n\n\n<p class=\"wp-block-paragraph\"><\/p>\n","protected":false},"excerpt":{"rendered":"<p>Ja s&#8217;ha publicat al DOGC la convocat\u00f2ria 2026 derivada de les bases reguladores dels ajuts del Consorci de Comer\u00e7, Artesania i Moda de Catalunya (CCAM).<\/p>\n","protected":false},"author":1,"featured_media":3413,"comment_status":"closed","ping_status":"open","sticky":false,"template":"","format":"standard","meta":{"_acf_changed":false,"footnotes":""},"categories":[17,27],"tags":[],"class_list":["post-3409","post","type-post","status-publish","format-standard","has-post-thumbnail","hentry","category-ajudes","category-info"],"acf":[],"yoast_head":"<!-- This site is optimized with the Yoast SEO plugin v28.4 - https:\/\/yoast.com\/product\/yoast-seo-wordpress\/ -->\n<title>Subvencions Comer\u00e7 i Serveis 2026 - Forum Calafell<\/title>\n<meta name=\"robots\" content=\"index, follow, max-snippet:-1, max-image-preview:large, max-video-preview:-1\" \/>\n<link rel=\"canonical\" href=\"https:\/\/forumcalafell.com\/?p=3409\" \/>\n<meta property=\"og:locale\" content=\"ca_ES\" \/>\n<meta property=\"og:type\" content=\"article\" \/>\n<meta property=\"og:title\" content=\"Subvencions Comer\u00e7 i Serveis 2026 - Forum Calafell\" \/>\n<meta property=\"og:description\" content=\"Ja s&#039;ha publicat al DOGC la convocat\u00f2ria 2026 derivada de les bases reguladores dels ajuts del Consorci de Comer\u00e7, Artesania i Moda de Catalunya (CCAM).\" \/>\n<meta property=\"og:url\" content=\"https:\/\/forumcalafell.com\/?p=3409\" \/>\n<meta property=\"og:site_name\" content=\"Forum Calafell\" \/>\n<meta property=\"article:published_time\" content=\"2026-07-15T09:42:08+00:00\" \/>\n<meta property=\"article:modified_time\" content=\"2026-07-15T09:53:04+00:00\" \/>\n<meta property=\"og:image\" content=\"https:\/\/forumcalafell.com\/wp-content\/uploads\/2026\/07\/fb3e4847-e403-4298-aa9f-8a2453dc496d.png\" \/>\n\t<meta property=\"og:image:width\" content=\"1254\" \/>\n\t<meta property=\"og:image:height\" content=\"1254\" \/>\n\t<meta property=\"og:image:type\" content=\"image\/png\" \/>\n<meta name=\"author\" content=\"borrazraul@gmail.com\" \/>\n<meta name=\"twitter:card\" content=\"summary_large_image\" \/>\n<meta name=\"twitter:label1\" content=\"Escrit per\" \/>\n\t<meta name=\"twitter:data1\" content=\"borrazraul@gmail.com\" \/>\n\t<meta name=\"twitter:label2\" content=\"Temps estimat de lectura\" \/>\n\t<meta name=\"twitter:data2\" content=\"2 minuts\" \/>\n<script type=\"application\/ld+json\" class=\"yoast-schema-graph\">{\"@context\":\"https:\\\/\\\/schema.org\",\"@graph\":[{\"@type\":\"Article\",\"@id\":\"https:\\\/\\\/forumcalafell.com\\\/?p=3409#article\",\"isPartOf\":{\"@id\":\"https:\\\/\\\/forumcalafell.com\\\/?p=3409\"},\"author\":{\"name\":\"borrazraul@gmail.com\",\"@id\":\"https:\\\/\\\/forumcalafell.com\\\/#\\\/schema\\\/person\\\/17f7363f82eb9f014453c82a9e522a69\"},\"headline\":\"Subvencions Comer\u00e7 i Serveis 2026\",\"datePublished\":\"2026-07-15T09:42:08+00:00\",\"dateModified\":\"2026-07-15T09:53:04+00:00\",\"mainEntityOfPage\":{\"@id\":\"https:\\\/\\\/forumcalafell.com\\\/?p=3409\"},\"wordCount\":217,\"publisher\":{\"@id\":\"https:\\\/\\\/forumcalafell.com\\\/#organization\"},\"image\":{\"@id\":\"https:\\\/\\\/forumcalafell.com\\\/?p=3409#primaryimage\"},\"thumbnailUrl\":\"https:\\\/\\\/forumcalafell.com\\\/wp-content\\\/uploads\\\/2026\\\/07\\\/fb3e4847-e403-4298-aa9f-8a2453dc496d.png\",\"articleSection\":[\"Ajudes\",\"Info\"],\"inLanguage\":\"ca\"},{\"@type\":\"WebPage\",\"@id\":\"https:\\\/\\\/forumcalafell.com\\\/?p=3409\",\"url\":\"https:\\\/\\\/forumcalafell.com\\\/?p=3409\",\"name\":\"Subvencions Comer\u00e7 i Serveis 2026 - Forum Calafell\",\"isPartOf\":{\"@id\":\"https:\\\/\\\/forumcalafell.com\\\/#website\"},\"primaryImageOfPage\":{\"@id\":\"https:\\\/\\\/forumcalafell.com\\\/?p=3409#primaryimage\"},\"image\":{\"@id\":\"https:\\\/\\\/forumcalafell.com\\\/?p=3409#primaryimage\"},\"thumbnailUrl\":\"https:\\\/\\\/forumcalafell.com\\\/wp-content\\\/uploads\\\/2026\\\/07\\\/fb3e4847-e403-4298-aa9f-8a2453dc496d.png\",\"datePublished\":\"2026-07-15T09:42:08+00:00\",\"dateModified\":\"2026-07-15T09:53:04+00:00\",\"breadcrumb\":{\"@id\":\"https:\\\/\\\/forumcalafell.com\\\/?p=3409#breadcrumb\"},\"inLanguage\":\"ca\",\"potentialAction\":[{\"@type\":\"ReadAction\",\"target\":[\"https:\\\/\\\/forumcalafell.com\\\/?p=3409\"]}]},{\"@type\":\"ImageObject\",\"inLanguage\":\"ca\",\"@id\":\"https:\\\/\\\/forumcalafell.com\\\/?p=3409#primaryimage\",\"url\":\"https:\\\/\\\/forumcalafell.com\\\/wp-content\\\/uploads\\\/2026\\\/07\\\/fb3e4847-e403-4298-aa9f-8a2453dc496d.png\",\"contentUrl\":\"https:\\\/\\\/forumcalafell.com\\\/wp-content\\\/uploads\\\/2026\\\/07\\\/fb3e4847-e403-4298-aa9f-8a2453dc496d.png\",\"width\":1254,\"height\":1254},{\"@type\":\"BreadcrumbList\",\"@id\":\"https:\\\/\\\/forumcalafell.com\\\/?p=3409#breadcrumb\",\"itemListElement\":[{\"@type\":\"ListItem\",\"position\":1,\"name\":\"Inici\",\"item\":\"https:\\\/\\\/forumcalafell.com\\\/\"},{\"@type\":\"ListItem\",\"position\":2,\"name\":\"Subvencions Comer\u00e7 i Serveis 2026\"}]},{\"@type\":\"WebSite\",\"@id\":\"https:\\\/\\\/forumcalafell.com\\\/#website\",\"url\":\"https:\\\/\\\/forumcalafell.com\\\/\",\"name\":\"Forum Calafell\",\"description\":\"\",\"publisher\":{\"@id\":\"https:\\\/\\\/forumcalafell.com\\\/#organization\"},\"potentialAction\":[{\"@type\":\"SearchAction\",\"target\":{\"@type\":\"EntryPoint\",\"urlTemplate\":\"https:\\\/\\\/forumcalafell.com\\\/?s={search_term_string}\"},\"query-input\":{\"@type\":\"PropertyValueSpecification\",\"valueRequired\":true,\"valueName\":\"search_term_string\"}}],\"inLanguage\":\"ca\"},{\"@type\":\"Organization\",\"@id\":\"https:\\\/\\\/forumcalafell.com\\\/#organization\",\"name\":\"Forum Calafell\",\"url\":\"https:\\\/\\\/forumcalafell.com\\\/\",\"logo\":{\"@type\":\"ImageObject\",\"inLanguage\":\"ca\",\"@id\":\"https:\\\/\\\/forumcalafell.com\\\/#\\\/schema\\\/logo\\\/image\\\/\",\"url\":\"https:\\\/\\\/forumcalafell.com\\\/wp-content\\\/uploads\\\/2026\\\/05\\\/forum_POSITIU_VERTICAL_COLOR_OK__1_.pdf-removebg-preview.png\",\"contentUrl\":\"https:\\\/\\\/forumcalafell.com\\\/wp-content\\\/uploads\\\/2026\\\/05\\\/forum_POSITIU_VERTICAL_COLOR_OK__1_.pdf-removebg-preview.png\",\"width\":401,\"height\":622,\"caption\":\"Forum Calafell\"},\"image\":{\"@id\":\"https:\\\/\\\/forumcalafell.com\\\/#\\\/schema\\\/logo\\\/image\\\/\"},\"sameAs\":[\"https:\\\/\\\/www.instagram.com\\\/forum.calafell\\\/\"]},{\"@type\":\"Person\",\"@id\":\"https:\\\/\\\/forumcalafell.com\\\/#\\\/schema\\\/person\\\/17f7363f82eb9f014453c82a9e522a69\",\"name\":\"borrazraul@gmail.com\",\"image\":{\"@type\":\"ImageObject\",\"inLanguage\":\"ca\",\"@id\":\"https:\\\/\\\/secure.gravatar.com\\\/avatar\\\/d0b42c95cf92630b92b4214a28dcf152a768fb51072f12145bc78e1de2147bc4?s=96&d=mm&r=g\",\"url\":\"https:\\\/\\\/secure.gravatar.com\\\/avatar\\\/d0b42c95cf92630b92b4214a28dcf152a768fb51072f12145bc78e1de2147bc4?s=96&d=mm&r=g\",\"contentUrl\":\"https:\\\/\\\/secure.gravatar.com\\\/avatar\\\/d0b42c95cf92630b92b4214a28dcf152a768fb51072f12145bc78e1de2147bc4?s=96&d=mm&r=g\",\"caption\":\"borrazraul@gmail.com\"},\"sameAs\":[\"https:\\\/\\\/forumcalafell.com\"],\"url\":\"https:\\\/\\\/forumcalafell.com\\\/?author=1\"}]}<\/script>\n<!-- \/ Yoast SEO plugin. -->","yoast_head_json":{"title":"Subvencions Comer\u00e7 i Serveis 2026 - Forum Calafell","robots":{"index":"index","follow":"follow","max-snippet":"max-snippet:-1","max-image-preview":"max-image-preview:large","max-video-preview":"max-video-preview:-1"},"canonical":"https:\/\/forumcalafell.com\/?p=3409","og_locale":"ca_ES","og_type":"article","og_title":"Subvencions Comer\u00e7 i Serveis 2026 - Forum Calafell","og_description":"Ja s'ha publicat al DOGC la convocat\u00f2ria 2026 derivada de les bases reguladores dels ajuts del Consorci de Comer\u00e7, Artesania i Moda de Catalunya (CCAM).","og_url":"https:\/\/forumcalafell.com\/?p=3409","og_site_name":"Forum Calafell","article_published_time":"2026-07-15T09:42:08+00:00","article_modified_time":"2026-07-15T09:53:04+00:00","og_image":[{"width":1254,"height":1254,"url":"https:\/\/forumcalafell.com\/wp-content\/uploads\/2026\/07\/fb3e4847-e403-4298-aa9f-8a2453dc496d.png","type":"image\/png"}],"author":"borrazraul@gmail.com","twitter_card":"summary_large_image","twitter_misc":{"Escrit per":"borrazraul@gmail.com","Temps estimat de lectura":"2 minuts"},"schema":{"@context":"https:\/\/schema.org","@graph":[{"@type":"Article","@id":"https:\/\/forumcalafell.com\/?p=3409#article","isPartOf":{"@id":"https:\/\/forumcalafell.com\/?p=3409"},"author":{"name":"borrazraul@gmail.com","@id":"https:\/\/forumcalafell.com\/#\/schema\/person\/17f7363f82eb9f014453c82a9e522a69"},"headline":"Subvencions Comer\u00e7 i Serveis 2026","datePublished":"2026-07-15T09:42:08+00:00","dateModified":"2026-07-15T09:53:04+00:00","mainEntityOfPage":{"@id":"https:\/\/forumcalafell.com\/?p=3409"},"wordCount":217,"publisher":{"@id":"https:\/\/forumcalafell.com\/#organization"},"image":{"@id":"https:\/\/forumcalafell.com\/?p=3409#primaryimage"},"thumbnailUrl":"https:\/\/forumcalafell.com\/wp-content\/uploads\/2026\/07\/fb3e4847-e403-4298-aa9f-8a2453dc496d.png","articleSection":["Ajudes","Info"],"inLanguage":"ca"},{"@type":"WebPage","@id":"https:\/\/forumcalafell.com\/?p=3409","url":"https:\/\/forumcalafell.com\/?p=3409","name":"Subvencions Comer\u00e7 i Serveis 2026 - Forum Calafell","isPartOf":{"@id":"https:\/\/forumcalafell.com\/#website"},"primaryImageOfPage":{"@id":"https:\/\/forumcalafell.com\/?p=3409#primaryimage"},"image":{"@id":"https:\/\/forumcalafell.com\/?p=3409#primaryimage"},"thumbnailUrl":"https:\/\/forumcalafell.com\/wp-content\/uploads\/2026\/07\/fb3e4847-e403-4298-aa9f-8a2453dc496d.png","datePublished":"2026-07-15T09:42:08+00:00","dateModified":"2026-07-15T09:53:04+00:00","breadcrumb":{"@id":"https:\/\/forumcalafell.com\/?p=3409#breadcrumb"},"inLanguage":"ca","potentialAction":[{"@type":"ReadAction","target":["https:\/\/forumcalafell.com\/?p=3409"]}]},{"@type":"ImageObject","inLanguage":"ca","@id":"https:\/\/forumcalafell.com\/?p=3409#primaryimage","url":"https:\/\/forumcalafell.com\/wp-content\/uploads\/2026\/07\/fb3e4847-e403-4298-aa9f-8a2453dc496d.png","contentUrl":"https:\/\/forumcalafell.com\/wp-content\/uploads\/2026\/07\/fb3e4847-e403-4298-aa9f-8a2453dc496d.png","width":1254,"height":1254},{"@type":"BreadcrumbList","@id":"https:\/\/forumcalafell.com\/?p=3409#breadcrumb","itemListElement":[{"@type":"ListItem","position":1,"name":"Inici","item":"https:\/\/forumcalafell.com\/"},{"@type":"ListItem","position":2,"name":"Subvencions Comer\u00e7 i Serveis 2026"}]},{"@type":"WebSite","@id":"https:\/\/forumcalafell.com\/#website","url":"https:\/\/forumcalafell.com\/","name":"Forum Calafell","description":"","publisher":{"@id":"https:\/\/forumcalafell.com\/#organization"},"potentialAction":[{"@type":"SearchAction","target":{"@type":"EntryPoint","urlTemplate":"https:\/\/forumcalafell.com\/?s={search_term_string}"},"query-input":{"@type":"PropertyValueSpecification","valueRequired":true,"valueName":"search_term_string"}}],"inLanguage":"ca"},{"@type":"Organization","@id":"https:\/\/forumcalafell.com\/#organization","name":"Forum Calafell","url":"https:\/\/forumcalafell.com\/","logo":{"@type":"ImageObject","inLanguage":"ca","@id":"https:\/\/forumcalafell.com\/#\/schema\/logo\/image\/","url":"https:\/\/forumcalafell.com\/wp-content\/uploads\/2026\/05\/forum_POSITIU_VERTICAL_COLOR_OK__1_.pdf-removebg-preview.png","contentUrl":"https:\/\/forumcalafell.com\/wp-content\/uploads\/2026\/05\/forum_POSITIU_VERTICAL_COLOR_OK__1_.pdf-removebg-preview.png","width":401,"height":622,"caption":"Forum Calafell"},"image":{"@id":"https:\/\/forumcalafell.com\/#\/schema\/logo\/image\/"},"sameAs":["https:\/\/www.instagram.com\/forum.calafell\/"]},{"@type":"Person","@id":"https:\/\/forumcalafell.com\/#\/schema\/person\/17f7363f82eb9f014453c82a9e522a69","name":"borrazraul@gmail.com","image":{"@type":"ImageObject","inLanguage":"ca","@id":"https:\/\/secure.gravatar.com\/avatar\/d0b42c95cf92630b92b4214a28dcf152a768fb51072f12145bc78e1de2147bc4?s=96&d=mm&r=g","url":"https:\/\/secure.gravatar.com\/avatar\/d0b42c95cf92630b92b4214a28dcf152a768fb51072f12145bc78e1de2147bc4?s=96&d=mm&r=g","contentUrl":"https:\/\/secure.gravatar.com\/avatar\/d0b42c95cf92630b92b4214a28dcf152a768fb51072f12145bc78e1de2147bc4?s=96&d=mm&r=g","caption":"borrazraul@gmail.com"},"sameAs":["https:\/\/forumcalafell.com"],"url":"https:\/\/forumcalafell.com\/?author=1"}]}},"_links":{"self":[{"href":"https:\/\/forumcalafell.com\/index.php?rest_route=\/wp\/v2\/posts\/3409","targetHints":{"allow":["GET"]}}],"collection":[{"href":"https:\/\/forumcalafell.com\/index.php?rest_route=\/wp\/v2\/posts"}],"about":[{"href":"https:\/\/forumcalafell.com\/index.php?rest_route=\/wp\/v2\/types\/post"}],"author":[{"embeddable":true,"href":"https:\/\/forumcalafell.com\/index.php?rest_route=\/wp\/v2\/users\/1"}],"replies":[{"embeddable":true,"href":"https:\/\/forumcalafell.com\/index.php?rest_route=%2Fwp%2Fv2%2Fcomments&post=3409"}],"version-history":[{"count":3,"href":"https:\/\/forumcalafell.com\/index.php?rest_route=\/wp\/v2\/posts\/3409\/revisions"}],"predecessor-version":[{"id":3415,"href":"https:\/\/forumcalafell.com\/index.php?rest_route=\/wp\/v2\/posts\/3409\/revisions\/3415"}],"wp:featuredmedia":[{"embeddable":true,"href":"https:\/\/forumcalafell.com\/index.php?rest_route=\/wp\/v2\/media\/3413"}],"wp:attachment":[{"href":"https:\/\/forumcalafell.com\/index.php?rest_route=%2Fwp%2Fv2%2Fmedia&parent=3409"}],"wp:term":[{"taxonomy":"category","embeddable":true,"href":"https:\/\/forumcalafell.com\/index.php?rest_route=%2Fwp%2Fv2%2Fcategories&post=3409"},{"taxonomy":"post_tag","embeddable":true,"href":"https:\/\/forumcalafell.com\/index.php?rest_route=%2Fwp%2Fv2%2Ftags&post=3409"}],"curies":[{"name":"wp","href":"https:\/\/api.w.org\/{rel}","templated":true}]}}