{"id":3447,"date":"2026-07-21T12:38:28","date_gmt":"2026-07-21T10:38:28","guid":{"rendered":"https:\/\/forumcalafell.com\/?p=3447"},"modified":"2026-07-22T12:31:22","modified_gmt":"2026-07-22T10:31:22","slug":"%f0%9f%9a%95%f0%9f%93%b2-nova-app-de-taxi-al-baix-penedes","status":"publish","type":"post","link":"https:\/\/forumcalafell.com\/?p=3447","title":{"rendered":"\ud83d\ude95\ud83d\udcf2 Nova app de taxi al Baix Pened\u00e8s!"},"content":{"rendered":"\n<p class=\"wp-block-paragraph\">Ja pots demanar el teu taxi de manera <strong>r\u00e0pida, f\u00e0cil i c\u00f2moda<\/strong> amb <strong>Taxi+ Baix Pened\u00e8s<\/strong>, el nou servei comarcal pensat per facilitar la mobilitat entre els municipis adherits.<\/p>\n\n\n\n<p class=\"wp-block-paragraph\">\ud83d\udccd Demana el teu taxi directament des de l\u2019app<br>\ud83d\udcf2 Tamb\u00e9 per WhatsApp: <a href=\"tel:608%2048%2030%2002\"><strong>608 48 30 02<\/strong><\/a><br>\ud83d\udd50 Servei disponible 24\/7<br>\ud83d\udcb3 Pagament amb targeta o efectiu<br>\ud83d\ude96 Taxistes professionals i tarifes regulades<\/p>\n\n\n\n<p class=\"wp-block-paragraph\">\u26a0\ufe0f <strong>Important: El Vendrell no est\u00e0 incl\u00f2s en aquest servei comarcal.<\/strong><\/p>\n\n\n\n<p class=\"wp-block-paragraph\">Una nova manera de moure\u2019t pel Baix Pened\u00e8s, m\u00e9s f\u00e0cil, r\u00e0pida i connectada. \ud83d\ude4c<\/p>\n","protected":false},"excerpt":{"rendered":"<p>Ja pots demanar el teu taxi de manera r\u00e0pida, f\u00e0cil i c\u00f2moda amb Taxi+ Baix Pened\u00e8s, el nou servei comarcal pensat per facilitar la mobilitat entre els municipis adherits.<\/p>\n","protected":false},"author":1,"featured_media":3448,"comment_status":"closed","ping_status":"open","sticky":false,"template":"","format":"standard","meta":{"_acf_changed":false,"footnotes":""},"categories":[27],"tags":[],"class_list":["post-3447","post","type-post","status-publish","format-standard","has-post-thumbnail","hentry","category-info"],"acf":[],"yoast_head":"<!-- This site is optimized with the Yoast SEO plugin v28.4 - https:\/\/yoast.com\/product\/yoast-seo-wordpress\/ -->\n<title>\ud83d\ude95\ud83d\udcf2 Nova app de taxi al Baix Pened\u00e8s! - Forum Calafell<\/title>\n<meta name=\"robots\" content=\"index, follow, max-snippet:-1, max-image-preview:large, max-video-preview:-1\" \/>\n<link rel=\"canonical\" href=\"https:\/\/forumcalafell.com\/?p=3447\" \/>\n<meta property=\"og:locale\" content=\"ca_ES\" \/>\n<meta property=\"og:type\" content=\"article\" \/>\n<meta property=\"og:title\" content=\"\ud83d\ude95\ud83d\udcf2 Nova app de taxi al Baix Pened\u00e8s! - Forum Calafell\" \/>\n<meta property=\"og:description\" content=\"Ja pots demanar el teu taxi de manera r\u00e0pida, f\u00e0cil i c\u00f2moda amb Taxi+ Baix Pened\u00e8s, el nou servei comarcal pensat per facilitar la mobilitat entre els municipis adherits.\" \/>\n<meta property=\"og:url\" content=\"https:\/\/forumcalafell.com\/?p=3447\" \/>\n<meta property=\"og:site_name\" content=\"Forum Calafell\" \/>\n<meta property=\"article:published_time\" content=\"2026-07-21T10:38:28+00:00\" \/>\n<meta property=\"article:modified_time\" content=\"2026-07-22T10:31:22+00:00\" \/>\n<meta property=\"og:image\" content=\"https:\/\/forumcalafell.com\/wp-content\/uploads\/2026\/07\/FBA7C6C2-BEDB-40B9-872E-0DF31D482AA1.png\" \/>\n\t<meta property=\"og:image:width\" content=\"1254\" \/>\n\t<meta property=\"og:image:height\" content=\"1254\" \/>\n\t<meta property=\"og:image:type\" content=\"image\/png\" \/>\n<meta name=\"author\" content=\"borrazraul@gmail.com\" \/>\n<meta name=\"twitter:card\" content=\"summary_large_image\" \/>\n<meta name=\"twitter:label1\" content=\"Escrit per\" \/>\n\t<meta name=\"twitter:data1\" content=\"borrazraul@gmail.com\" \/>\n\t<meta name=\"twitter:label2\" content=\"Temps estimat de lectura\" \/>\n\t<meta name=\"twitter:data2\" content=\"1 minut\" \/>\n<script type=\"application\/ld+json\" class=\"yoast-schema-graph\">{\"@context\":\"https:\\\/\\\/schema.org\",\"@graph\":[{\"@type\":\"Article\",\"@id\":\"https:\\\/\\\/forumcalafell.com\\\/?p=3447#article\",\"isPartOf\":{\"@id\":\"https:\\\/\\\/forumcalafell.com\\\/?p=3447\"},\"author\":{\"name\":\"borrazraul@gmail.com\",\"@id\":\"https:\\\/\\\/forumcalafell.com\\\/#\\\/schema\\\/person\\\/17f7363f82eb9f014453c82a9e522a69\"},\"headline\":\"\ud83d\ude95\ud83d\udcf2 Nova app de taxi al Baix Pened\u00e8s!\",\"datePublished\":\"2026-07-21T10:38:28+00:00\",\"dateModified\":\"2026-07-22T10:31:22+00:00\",\"mainEntityOfPage\":{\"@id\":\"https:\\\/\\\/forumcalafell.com\\\/?p=3447\"},\"wordCount\":94,\"publisher\":{\"@id\":\"https:\\\/\\\/forumcalafell.com\\\/#organization\"},\"image\":{\"@id\":\"https:\\\/\\\/forumcalafell.com\\\/?p=3447#primaryimage\"},\"thumbnailUrl\":\"https:\\\/\\\/forumcalafell.com\\\/wp-content\\\/uploads\\\/2026\\\/07\\\/FBA7C6C2-BEDB-40B9-872E-0DF31D482AA1.png\",\"articleSection\":[\"Info\"],\"inLanguage\":\"ca\"},{\"@type\":\"WebPage\",\"@id\":\"https:\\\/\\\/forumcalafell.com\\\/?p=3447\",\"url\":\"https:\\\/\\\/forumcalafell.com\\\/?p=3447\",\"name\":\"\ud83d\ude95\ud83d\udcf2 Nova app de taxi al Baix Pened\u00e8s! - Forum Calafell\",\"isPartOf\":{\"@id\":\"https:\\\/\\\/forumcalafell.com\\\/#website\"},\"primaryImageOfPage\":{\"@id\":\"https:\\\/\\\/forumcalafell.com\\\/?p=3447#primaryimage\"},\"image\":{\"@id\":\"https:\\\/\\\/forumcalafell.com\\\/?p=3447#primaryimage\"},\"thumbnailUrl\":\"https:\\\/\\\/forumcalafell.com\\\/wp-content\\\/uploads\\\/2026\\\/07\\\/FBA7C6C2-BEDB-40B9-872E-0DF31D482AA1.png\",\"datePublished\":\"2026-07-21T10:38:28+00:00\",\"dateModified\":\"2026-07-22T10:31:22+00:00\",\"breadcrumb\":{\"@id\":\"https:\\\/\\\/forumcalafell.com\\\/?p=3447#breadcrumb\"},\"inLanguage\":\"ca\",\"potentialAction\":[{\"@type\":\"ReadAction\",\"target\":[\"https:\\\/\\\/forumcalafell.com\\\/?p=3447\"]}]},{\"@type\":\"ImageObject\",\"inLanguage\":\"ca\",\"@id\":\"https:\\\/\\\/forumcalafell.com\\\/?p=3447#primaryimage\",\"url\":\"https:\\\/\\\/forumcalafell.com\\\/wp-content\\\/uploads\\\/2026\\\/07\\\/FBA7C6C2-BEDB-40B9-872E-0DF31D482AA1.png\",\"contentUrl\":\"https:\\\/\\\/forumcalafell.com\\\/wp-content\\\/uploads\\\/2026\\\/07\\\/FBA7C6C2-BEDB-40B9-872E-0DF31D482AA1.png\",\"width\":1254,\"height\":1254},{\"@type\":\"BreadcrumbList\",\"@id\":\"https:\\\/\\\/forumcalafell.com\\\/?p=3447#breadcrumb\",\"itemListElement\":[{\"@type\":\"ListItem\",\"position\":1,\"name\":\"Inici\",\"item\":\"https:\\\/\\\/forumcalafell.com\\\/\"},{\"@type\":\"ListItem\",\"position\":2,\"name\":\"\ud83d\ude95\ud83d\udcf2 Nova app de taxi al Baix Pened\u00e8s!\"}]},{\"@type\":\"WebSite\",\"@id\":\"https:\\\/\\\/forumcalafell.com\\\/#website\",\"url\":\"https:\\\/\\\/forumcalafell.com\\\/\",\"name\":\"Forum Calafell\",\"description\":\"\",\"publisher\":{\"@id\":\"https:\\\/\\\/forumcalafell.com\\\/#organization\"},\"potentialAction\":[{\"@type\":\"SearchAction\",\"target\":{\"@type\":\"EntryPoint\",\"urlTemplate\":\"https:\\\/\\\/forumcalafell.com\\\/?s={search_term_string}\"},\"query-input\":{\"@type\":\"PropertyValueSpecification\",\"valueRequired\":true,\"valueName\":\"search_term_string\"}}],\"inLanguage\":\"ca\"},{\"@type\":\"Organization\",\"@id\":\"https:\\\/\\\/forumcalafell.com\\\/#organization\",\"name\":\"Forum Calafell\",\"url\":\"https:\\\/\\\/forumcalafell.com\\\/\",\"logo\":{\"@type\":\"ImageObject\",\"inLanguage\":\"ca\",\"@id\":\"https:\\\/\\\/forumcalafell.com\\\/#\\\/schema\\\/logo\\\/image\\\/\",\"url\":\"https:\\\/\\\/forumcalafell.com\\\/wp-content\\\/uploads\\\/2026\\\/05\\\/forum_POSITIU_VERTICAL_COLOR_OK__1_.pdf-removebg-preview.png\",\"contentUrl\":\"https:\\\/\\\/forumcalafell.com\\\/wp-content\\\/uploads\\\/2026\\\/05\\\/forum_POSITIU_VERTICAL_COLOR_OK__1_.pdf-removebg-preview.png\",\"width\":401,\"height\":622,\"caption\":\"Forum Calafell\"},\"image\":{\"@id\":\"https:\\\/\\\/forumcalafell.com\\\/#\\\/schema\\\/logo\\\/image\\\/\"},\"sameAs\":[\"https:\\\/\\\/www.instagram.com\\\/forum.calafell\\\/\"]},{\"@type\":\"Person\",\"@id\":\"https:\\\/\\\/forumcalafell.com\\\/#\\\/schema\\\/person\\\/17f7363f82eb9f014453c82a9e522a69\",\"name\":\"borrazraul@gmail.com\",\"image\":{\"@type\":\"ImageObject\",\"inLanguage\":\"ca\",\"@id\":\"https:\\\/\\\/secure.gravatar.com\\\/avatar\\\/d0b42c95cf92630b92b4214a28dcf152a768fb51072f12145bc78e1de2147bc4?s=96&d=mm&r=g\",\"url\":\"https:\\\/\\\/secure.gravatar.com\\\/avatar\\\/d0b42c95cf92630b92b4214a28dcf152a768fb51072f12145bc78e1de2147bc4?s=96&d=mm&r=g\",\"contentUrl\":\"https:\\\/\\\/secure.gravatar.com\\\/avatar\\\/d0b42c95cf92630b92b4214a28dcf152a768fb51072f12145bc78e1de2147bc4?s=96&d=mm&r=g\",\"caption\":\"borrazraul@gmail.com\"},\"sameAs\":[\"https:\\\/\\\/forumcalafell.com\"],\"url\":\"https:\\\/\\\/forumcalafell.com\\\/?author=1\"}]}<\/script>\n<!-- \/ Yoast SEO plugin. -->","yoast_head_json":{"title":"\ud83d\ude95\ud83d\udcf2 Nova app de taxi al Baix Pened\u00e8s! - Forum Calafell","robots":{"index":"index","follow":"follow","max-snippet":"max-snippet:-1","max-image-preview":"max-image-preview:large","max-video-preview":"max-video-preview:-1"},"canonical":"https:\/\/forumcalafell.com\/?p=3447","og_locale":"ca_ES","og_type":"article","og_title":"\ud83d\ude95\ud83d\udcf2 Nova app de taxi al Baix Pened\u00e8s! - Forum Calafell","og_description":"Ja pots demanar el teu taxi de manera r\u00e0pida, f\u00e0cil i c\u00f2moda amb Taxi+ Baix Pened\u00e8s, el nou servei comarcal pensat per facilitar la mobilitat entre els municipis adherits.","og_url":"https:\/\/forumcalafell.com\/?p=3447","og_site_name":"Forum Calafell","article_published_time":"2026-07-21T10:38:28+00:00","article_modified_time":"2026-07-22T10:31:22+00:00","og_image":[{"width":1254,"height":1254,"url":"https:\/\/forumcalafell.com\/wp-content\/uploads\/2026\/07\/FBA7C6C2-BEDB-40B9-872E-0DF31D482AA1.png","type":"image\/png"}],"author":"borrazraul@gmail.com","twitter_card":"summary_large_image","twitter_misc":{"Escrit per":"borrazraul@gmail.com","Temps estimat de lectura":"1 minut"},"schema":{"@context":"https:\/\/schema.org","@graph":[{"@type":"Article","@id":"https:\/\/forumcalafell.com\/?p=3447#article","isPartOf":{"@id":"https:\/\/forumcalafell.com\/?p=3447"},"author":{"name":"borrazraul@gmail.com","@id":"https:\/\/forumcalafell.com\/#\/schema\/person\/17f7363f82eb9f014453c82a9e522a69"},"headline":"\ud83d\ude95\ud83d\udcf2 Nova app de taxi al Baix Pened\u00e8s!","datePublished":"2026-07-21T10:38:28+00:00","dateModified":"2026-07-22T10:31:22+00:00","mainEntityOfPage":{"@id":"https:\/\/forumcalafell.com\/?p=3447"},"wordCount":94,"publisher":{"@id":"https:\/\/forumcalafell.com\/#organization"},"image":{"@id":"https:\/\/forumcalafell.com\/?p=3447#primaryimage"},"thumbnailUrl":"https:\/\/forumcalafell.com\/wp-content\/uploads\/2026\/07\/FBA7C6C2-BEDB-40B9-872E-0DF31D482AA1.png","articleSection":["Info"],"inLanguage":"ca"},{"@type":"WebPage","@id":"https:\/\/forumcalafell.com\/?p=3447","url":"https:\/\/forumcalafell.com\/?p=3447","name":"\ud83d\ude95\ud83d\udcf2 Nova app de taxi al Baix Pened\u00e8s! - Forum Calafell","isPartOf":{"@id":"https:\/\/forumcalafell.com\/#website"},"primaryImageOfPage":{"@id":"https:\/\/forumcalafell.com\/?p=3447#primaryimage"},"image":{"@id":"https:\/\/forumcalafell.com\/?p=3447#primaryimage"},"thumbnailUrl":"https:\/\/forumcalafell.com\/wp-content\/uploads\/2026\/07\/FBA7C6C2-BEDB-40B9-872E-0DF31D482AA1.png","datePublished":"2026-07-21T10:38:28+00:00","dateModified":"2026-07-22T10:31:22+00:00","breadcrumb":{"@id":"https:\/\/forumcalafell.com\/?p=3447#breadcrumb"},"inLanguage":"ca","potentialAction":[{"@type":"ReadAction","target":["https:\/\/forumcalafell.com\/?p=3447"]}]},{"@type":"ImageObject","inLanguage":"ca","@id":"https:\/\/forumcalafell.com\/?p=3447#primaryimage","url":"https:\/\/forumcalafell.com\/wp-content\/uploads\/2026\/07\/FBA7C6C2-BEDB-40B9-872E-0DF31D482AA1.png","contentUrl":"https:\/\/forumcalafell.com\/wp-content\/uploads\/2026\/07\/FBA7C6C2-BEDB-40B9-872E-0DF31D482AA1.png","width":1254,"height":1254},{"@type":"BreadcrumbList","@id":"https:\/\/forumcalafell.com\/?p=3447#breadcrumb","itemListElement":[{"@type":"ListItem","position":1,"name":"Inici","item":"https:\/\/forumcalafell.com\/"},{"@type":"ListItem","position":2,"name":"\ud83d\ude95\ud83d\udcf2 Nova app de taxi al Baix Pened\u00e8s!"}]},{"@type":"WebSite","@id":"https:\/\/forumcalafell.com\/#website","url":"https:\/\/forumcalafell.com\/","name":"Forum Calafell","description":"","publisher":{"@id":"https:\/\/forumcalafell.com\/#organization"},"potentialAction":[{"@type":"SearchAction","target":{"@type":"EntryPoint","urlTemplate":"https:\/\/forumcalafell.com\/?s={search_term_string}"},"query-input":{"@type":"PropertyValueSpecification","valueRequired":true,"valueName":"search_term_string"}}],"inLanguage":"ca"},{"@type":"Organization","@id":"https:\/\/forumcalafell.com\/#organization","name":"Forum Calafell","url":"https:\/\/forumcalafell.com\/","logo":{"@type":"ImageObject","inLanguage":"ca","@id":"https:\/\/forumcalafell.com\/#\/schema\/logo\/image\/","url":"https:\/\/forumcalafell.com\/wp-content\/uploads\/2026\/05\/forum_POSITIU_VERTICAL_COLOR_OK__1_.pdf-removebg-preview.png","contentUrl":"https:\/\/forumcalafell.com\/wp-content\/uploads\/2026\/05\/forum_POSITIU_VERTICAL_COLOR_OK__1_.pdf-removebg-preview.png","width":401,"height":622,"caption":"Forum Calafell"},"image":{"@id":"https:\/\/forumcalafell.com\/#\/schema\/logo\/image\/"},"sameAs":["https:\/\/www.instagram.com\/forum.calafell\/"]},{"@type":"Person","@id":"https:\/\/forumcalafell.com\/#\/schema\/person\/17f7363f82eb9f014453c82a9e522a69","name":"borrazraul@gmail.com","image":{"@type":"ImageObject","inLanguage":"ca","@id":"https:\/\/secure.gravatar.com\/avatar\/d0b42c95cf92630b92b4214a28dcf152a768fb51072f12145bc78e1de2147bc4?s=96&d=mm&r=g","url":"https:\/\/secure.gravatar.com\/avatar\/d0b42c95cf92630b92b4214a28dcf152a768fb51072f12145bc78e1de2147bc4?s=96&d=mm&r=g","contentUrl":"https:\/\/secure.gravatar.com\/avatar\/d0b42c95cf92630b92b4214a28dcf152a768fb51072f12145bc78e1de2147bc4?s=96&d=mm&r=g","caption":"borrazraul@gmail.com"},"sameAs":["https:\/\/forumcalafell.com"],"url":"https:\/\/forumcalafell.com\/?author=1"}]}},"_links":{"self":[{"href":"https:\/\/forumcalafell.com\/index.php?rest_route=\/wp\/v2\/posts\/3447","targetHints":{"allow":["GET"]}}],"collection":[{"href":"https:\/\/forumcalafell.com\/index.php?rest_route=\/wp\/v2\/posts"}],"about":[{"href":"https:\/\/forumcalafell.com\/index.php?rest_route=\/wp\/v2\/types\/post"}],"author":[{"embeddable":true,"href":"https:\/\/forumcalafell.com\/index.php?rest_route=\/wp\/v2\/users\/1"}],"replies":[{"embeddable":true,"href":"https:\/\/forumcalafell.com\/index.php?rest_route=%2Fwp%2Fv2%2Fcomments&post=3447"}],"version-history":[{"count":1,"href":"https:\/\/forumcalafell.com\/index.php?rest_route=\/wp\/v2\/posts\/3447\/revisions"}],"predecessor-version":[{"id":3449,"href":"https:\/\/forumcalafell.com\/index.php?rest_route=\/wp\/v2\/posts\/3447\/revisions\/3449"}],"wp:featuredmedia":[{"embeddable":true,"href":"https:\/\/forumcalafell.com\/index.php?rest_route=\/wp\/v2\/media\/3448"}],"wp:attachment":[{"href":"https:\/\/forumcalafell.com\/index.php?rest_route=%2Fwp%2Fv2%2Fmedia&parent=3447"}],"wp:term":[{"taxonomy":"category","embeddable":true,"href":"https:\/\/forumcalafell.com\/index.php?rest_route=%2Fwp%2Fv2%2Fcategories&post=3447"},{"taxonomy":"post_tag","embeddable":true,"href":"https:\/\/forumcalafell.com\/index.php?rest_route=%2Fwp%2Fv2%2Ftags&post=3447"}],"curies":[{"name":"wp","href":"https:\/\/api.w.org\/{rel}","templated":true}]}}